{"id":256255,"date":"2020-07-30T19:16:51","date_gmt":"2020-07-30T22:16:51","guid":{"rendered":"https:\/\/notinor.com\/jujuy\/?p=256255"},"modified":"2020-07-30T19:16:55","modified_gmt":"2020-07-30T22:16:55","slug":"proponen-reincorporar-a-61-000-beneficiarios-de-tarifa-social-que-fueron-excluidos-desde-julio-de-2019","status":"publish","type":"post","link":"https:\/\/notinor.com\/jujuy\/proponen-reincorporar-a-61-000-beneficiarios-de-tarifa-social-que-fueron-excluidos-desde-julio-de-2019\/","title":{"rendered":"Proponen reincorporar a 61.000 beneficiarios de Tarifa Social que fueron excluidos desde julio de 2019"},"content":{"rendered":"\n<p>El interventor del Enargas, Federico Bernal, sostiene que \"los criterios actuales de exclusi\u00f3n establecidos en 2016 son incompatibles con la pol\u00edtica social que tiene el gobierno y el presidente Alberto Fern\u00e1ndez\"<\/p>\n\n\n\n<figure class=\"wp-block-image size-large\"><img decoding=\"async\" loading=\"lazy\" width=\"840\" height=\"467\" src=\"https:\/\/notinor.com\/jujuy\/wp-content\/uploads\/2020\/07\/gas-840x467.jpg\" alt=\"\" class=\"wp-image-256256\" srcset=\"https:\/\/notinor.com\/jujuy\/wp-content\/uploads\/2020\/07\/gas-840x467.jpg 840w, https:\/\/notinor.com\/jujuy\/wp-content\/uploads\/2020\/07\/gas-657x365.jpg 657w, https:\/\/notinor.com\/jujuy\/wp-content\/uploads\/2020\/07\/gas-768x427.jpg 768w, https:\/\/notinor.com\/jujuy\/wp-content\/uploads\/2020\/07\/gas-750x417.jpg 750w, https:\/\/notinor.com\/jujuy\/wp-content\/uploads\/2020\/07\/gas.jpg 1099w\" sizes=\"(max-width: 840px) 100vw, 840px\" \/><\/figure>\n\n\n\n<p>El Ente Nacional Regulador del Gas (Enargas) le solicit\u00f3 a la Secretar\u00eda de Energ\u00eda <strong>readecuar los criterios de inclusi\u00f3n y exclusi\u00f3n vigentes en la tarifa social, para permitir reincorporar a 61.000 beneficiarios que fueron excluidos a partir de julio del 2019.<\/strong><\/p>\n\n\n\n<p>Federico Bernal, interventor del Enargas, se\u00f1al\u00f3 que la ex Secretar\u00eda de Energ\u00eda bajo la direcci\u00f3n de Gustavo Lopetegui, solicit\u00f3 a la Anses en julio de 2019 la incorporaci\u00f3n de \"criterios de exclusi\u00f3n adicionales a los establecidos en 2016 por el ex ministro de Energ\u00eda, Juan Jos\u00e9 Aranguren\"<\/p>\n\n\n\n<p><strong>\"Estos criterios provocaron que 61.000 beneficiarios fueran excluidos de la Tarifa Social entre julio de 2019 y marzo de 2020<\/strong>, y tal decisi\u00f3n es incompatible con la concepci\u00f3n de los servicios p\u00fablicos y de la pol\u00edtica social que tiene el gobierno y el presidente Alberto Fern\u00e1ndez\", afirm\u00f3 Bernal en un comunicado.<\/p>\n\n\n\n<p>Ante la verificaci\u00f3n de la titularidad de otro medidor en las relaciones familiares declaradas ante Anses, el Enargas solicit\u00f3 la eliminaci\u00f3n del criterio de exclusi\u00f3n por multimedidor, por no encontrarse dentro de la normativa mencionada anteriormente.<\/p>\n\n\n\n<p>Por su parte, el proceso de control de derecho mensual, significa que la Anses debe verificar -todos los meses- que el o la titular del servicio, incorporados al Registro de Beneficiarios de la Tarifa Social, no incurra en un criterio de exclusi\u00f3n, motivo por el cual, la cantidad de beneficiarios decrece mes a mes.<\/p>\n\n\n\n<p>De readecuarse estos criterios de inclusi\u00f3n y exclusi\u00f3n vigentes en la Tarifa Social, \"se lograr\u00e1 ampliar el padr\u00f3n de beneficiarios en 61.000 ciudadanos que lo necesitan y que fueron excluidos, sin perjuicio de que tambi\u00e9n mejorar\u00e1 y ordenar\u00e1 de manera m\u00e1s eficiente la asignaci\u00f3n del beneficio\", expres\u00f3 el ente.<\/p>\n\n\n\n<figure class=\"wp-block-image size-large\"><img decoding=\"async\" loading=\"lazy\" width=\"829\" height=\"466\" src=\"https:\/\/notinor.com\/jujuy\/wp-content\/uploads\/2020\/07\/federico-bernal.jpg\" alt=\"\" class=\"wp-image-256257\" srcset=\"https:\/\/notinor.com\/jujuy\/wp-content\/uploads\/2020\/07\/federico-bernal.jpg 829w, https:\/\/notinor.com\/jujuy\/wp-content\/uploads\/2020\/07\/federico-bernal-649x365.jpg 649w, https:\/\/notinor.com\/jujuy\/wp-content\/uploads\/2020\/07\/federico-bernal-500x280.jpg 500w, https:\/\/notinor.com\/jujuy\/wp-content\/uploads\/2020\/07\/federico-bernal-768x432.jpg 768w, https:\/\/notinor.com\/jujuy\/wp-content\/uploads\/2020\/07\/federico-bernal-750x422.jpg 750w\" sizes=\"(max-width: 829px) 100vw, 829px\" \/><\/figure>\n","protected":false},"excerpt":{"rendered":"<p>El interventor del Enargas, Federico Bernal, sostiene que \"los criterios actuales de exclusi\u00f3n establecidos en 2016 son incompatibles con la pol\u00edtica social que tiene el gobierno y el presidente Alberto Fern\u00e1ndez\" El Ente Nacional Regulador del Gas (Enargas) le solicit\u00f3 a la Secretar\u00eda de Energ\u00eda readecuar los criterios de inclusi\u00f3n y exclusi\u00f3n vigentes en la [&hellip;]<\/p>\n","protected":false},"author":1,"featured_media":256256,"comment_status":"open","ping_status":"open","sticky":false,"template":"","format":"standard","meta":{"_stopmodifiedupdate":false,"_modified_date":"","inline_featured_image":false,"spay_email":"","jetpack_publicize_message":""},"categories":[676],"tags":[],"jetpack_featured_media_url":"https:\/\/notinor.com\/jujuy\/wp-content\/uploads\/2020\/07\/gas.jpg","jetpack_publicize_connections":[],"_links":{"self":[{"href":"https:\/\/notinor.com\/jujuy\/wp-json\/wp\/v2\/posts\/256255"}],"collection":[{"href":"https:\/\/notinor.com\/jujuy\/wp-json\/wp\/v2\/posts"}],"about":[{"href":"https:\/\/notinor.com\/jujuy\/wp-json\/wp\/v2\/types\/post"}],"author":[{"embeddable":true,"href":"https:\/\/notinor.com\/jujuy\/wp-json\/wp\/v2\/users\/1"}],"replies":[{"embeddable":true,"href":"https:\/\/notinor.com\/jujuy\/wp-json\/wp\/v2\/comments?post=256255"}],"version-history":[{"count":1,"href":"https:\/\/notinor.com\/jujuy\/wp-json\/wp\/v2\/posts\/256255\/revisions"}],"predecessor-version":[{"id":256258,"href":"https:\/\/notinor.com\/jujuy\/wp-json\/wp\/v2\/posts\/256255\/revisions\/256258"}],"wp:featuredmedia":[{"embeddable":true,"href":"https:\/\/notinor.com\/jujuy\/wp-json\/wp\/v2\/media\/256256"}],"wp:attachment":[{"href":"https:\/\/notinor.com\/jujuy\/wp-json\/wp\/v2\/media?parent=256255"}],"wp:term":[{"taxonomy":"category","embeddable":true,"href":"https:\/\/notinor.com\/jujuy\/wp-json\/wp\/v2\/categories?post=256255"},{"taxonomy":"post_tag","embeddable":true,"href":"https:\/\/notinor.com\/jujuy\/wp-json\/wp\/v2\/tags?post=256255"}],"curies":[{"name":"wp","href":"https:\/\/api.w.org\/{rel}","templated":true}]}}