{"id":256240,"date":"2020-07-30T17:19:03","date_gmt":"2020-07-30T20:19:03","guid":{"rendered":"https:\/\/notinor.com\/jujuy\/?p=256240"},"modified":"2020-07-31T15:19:24","modified_gmt":"2020-07-31T18:19:24","slug":"el-que-pierde-es-el-que-deja-de-hacerlo-palabra-de-tunay-para-los-musicos-jujenos","status":"publish","type":"post","link":"https:\/\/notinor.com\/jujuy\/el-que-pierde-es-el-que-deja-de-hacerlo-palabra-de-tunay-para-los-musicos-jujenos\/","title":{"rendered":"\"El que pierde es el que deja de hacerlo\", palabra de \"Tunay\" para los musicos juje\u00f1os"},"content":{"rendered":"\n<p>En una entrevista exclusiva con Mart\u00edn, cantante del grupo \"Tunay\", nos cont\u00f3 c\u00f3mo tienen organizados sus proyectos a lo largo del a\u00f1o y c\u00f3mo atraviesan la pandemia en su rol de m\u00fasicos.<br><\/p>\n\n\n\n<figure class=\"wp-block-image\"><img decoding=\"async\" src=\"https:\/\/lh3.googleusercontent.com\/proxy\/Xzw_M36w0b-EgiZyOSGEp_86IcfOs5Q5afcRQXNP7-oWii-msBrpwu3kgkIvbrKGsKQqoaDeCg72oarPvEvoB9J7c4Nz5fLzFnrLOWEYbbBTPiXps9RVvmJrBvUMIiFw14Mcw6-3by2GWvzU8Ww63SqT1NMLePCzlXRpToMWOEfF1OUTD3Y\" alt=\"Carnaval Jujuy 2018 \u2013 Direcci\u00f3n Provincial de Prensa\"\/><\/figure>\n\n\n\n<p>\"Tenemos pensado continuar, ver para delante y seguir con proyectos nuevos y que destaquen\", expres\u00f3 el artista. Que tambi\u00e9n aclar\u00f3 que el a\u00f1o 2020 es \"Un a\u00f1o sin posibilidades\" para muchos, y que muchos m\u00fasicos deber\u00e1n seguir adelante pese la circunstancia y confiar en uno mismo<\/p>\n\n\n\n<figure class=\"wp-block-image\"><img decoding=\"async\" src=\"https:\/\/lh3.googleusercontent.com\/proxy\/RojLdwXVP06q7e_av8MGy9Oltkbc9VHP7i0L6OkKlnu9gMiSBHqEARYHpOH7zePyCm2LteOsX4sMXLd_CLxuWw_ZnEdgF-Zcf_npWDIt2e0aPYo\" alt=\"Tunay, el grupo juje\u00f1o del momento se presentar\u00e1 en el Teatro del ...\"\/><\/figure>\n\n\n\n<p><br><\/p>\n\n\n\n<p> Mientras tanto Martin asegura que tienen en mente proyectos nuevos, con versiones nuevas de sus temas y muchos artistas invitados. \"Se vienen proyectos nuevos, no sabemos si para \u00e9ste a\u00f1o, pero cosas que sobrepasan la pandemia\". adem\u00e1s brind\u00f3 una ayuda a los m\u00fasicos juje\u00f1os y est\u00e1 seguro de que \"el que pierde es el que deja de hacerlo\" para que sepamos que siempre va a haber alguien que no se queda de brazos cruzados.<\/p>\n\n\n\n<p><\/p>\n","protected":false},"excerpt":{"rendered":"<p>En una entrevista exclusiva con Mart\u00edn, cantante del grupo \"Tunay\", nos cont\u00f3 c\u00f3mo tienen organizados sus proyectos a lo largo del a\u00f1o y c\u00f3mo atraviesan la pandemia en su rol de m\u00fasicos. \"Tenemos pensado continuar, ver para delante y seguir con proyectos nuevos y que destaquen\", expres\u00f3 el artista. Que tambi\u00e9n aclar\u00f3 que el a\u00f1o [&hellip;]<\/p>\n","protected":false},"author":1,"featured_media":256242,"comment_status":"open","ping_status":"open","sticky":false,"template":"","format":"standard","meta":{"_stopmodifiedupdate":false,"_modified_date":"","inline_featured_image":false,"spay_email":"","jetpack_publicize_message":""},"categories":[2],"tags":[],"jetpack_featured_media_url":"https:\/\/notinor.com\/jujuy\/wp-content\/uploads\/2020\/07\/0001138766-1.jpg","jetpack_publicize_connections":[],"_links":{"self":[{"href":"https:\/\/notinor.com\/jujuy\/wp-json\/wp\/v2\/posts\/256240"}],"collection":[{"href":"https:\/\/notinor.com\/jujuy\/wp-json\/wp\/v2\/posts"}],"about":[{"href":"https:\/\/notinor.com\/jujuy\/wp-json\/wp\/v2\/types\/post"}],"author":[{"embeddable":true,"href":"https:\/\/notinor.com\/jujuy\/wp-json\/wp\/v2\/users\/1"}],"replies":[{"embeddable":true,"href":"https:\/\/notinor.com\/jujuy\/wp-json\/wp\/v2\/comments?post=256240"}],"version-history":[{"count":2,"href":"https:\/\/notinor.com\/jujuy\/wp-json\/wp\/v2\/posts\/256240\/revisions"}],"predecessor-version":[{"id":256430,"href":"https:\/\/notinor.com\/jujuy\/wp-json\/wp\/v2\/posts\/256240\/revisions\/256430"}],"wp:featuredmedia":[{"embeddable":true,"href":"https:\/\/notinor.com\/jujuy\/wp-json\/wp\/v2\/media\/256242"}],"wp:attachment":[{"href":"https:\/\/notinor.com\/jujuy\/wp-json\/wp\/v2\/media?parent=256240"}],"wp:term":[{"taxonomy":"category","embeddable":true,"href":"https:\/\/notinor.com\/jujuy\/wp-json\/wp\/v2\/categories?post=256240"},{"taxonomy":"post_tag","embeddable":true,"href":"https:\/\/notinor.com\/jujuy\/wp-json\/wp\/v2\/tags?post=256240"}],"curies":[{"name":"wp","href":"https:\/\/api.w.org\/{rel}","templated":true}]}}