{"id":256233,"date":"2020-07-30T16:08:31","date_gmt":"2020-07-30T19:08:31","guid":{"rendered":"https:\/\/notinor.com\/jujuy\/?p=256233"},"modified":"2020-07-30T16:09:22","modified_gmt":"2020-07-30T19:09:22","slug":"alemania-confirmo-otros-900-casos-de-coronavirus-y-berlin-impone-el-uso-de-tapabocas-en-escuelas","status":"publish","type":"post","link":"https:\/\/notinor.com\/jujuy\/alemania-confirmo-otros-900-casos-de-coronavirus-y-berlin-impone-el-uso-de-tapabocas-en-escuelas\/","title":{"rendered":"Alemania confirm\u00f3 otros 900 casos de coronavirus y Berl\u00edn impone el uso de tapabocas en escuelas"},"content":{"rendered":"\n<p>La medida entrar\u00e1 en vigencia con la vuelta de las clases, el pr\u00f3ximo 10 de agosto, y el uso de barbijos ser\u00e1 obligatorio para moverse en las instalaciones educativas, pero no durante las clases o actividades extraescolares dentro de las aulas.<\/p>\n\n\n\n<figure class=\"wp-block-image size-large\"><img decoding=\"async\" loading=\"lazy\" width=\"750\" height=\"383\" src=\"https:\/\/notinor.com\/jujuy\/wp-content\/uploads\/2020\/07\/MERKEL-1.jpg\" alt=\"\" class=\"wp-image-256234\" srcset=\"https:\/\/notinor.com\/jujuy\/wp-content\/uploads\/2020\/07\/MERKEL-1.jpg 750w, https:\/\/notinor.com\/jujuy\/wp-content\/uploads\/2020\/07\/MERKEL-1-660x337.jpg 660w\" sizes=\"(max-width: 750px) 100vw, 750px\" \/><\/figure>\n\n\n\n<p>Alemania registr\u00f3 m\u00e1s de 900 nuevos casos de coronavirus, mientras que la capital Berl\u00edn impondr\u00e1 el uso de tapabocas en las escuelas, tanto para los alumnos como para el personal docente y administrativo, inform\u00f3 este viernes el Gobierno.<\/p>\n\n\n\n<p>La medida entrar\u00e1 en vigencia con la vuelta de las clases, el pr\u00f3ximo 10 de agosto, y el uso de barbijos ser\u00e1 obligatorio para moverse en las instalaciones educativas, pero no durante las clases o actividades extraescolares dentro de las aulas.<\/p>\n\n\n\n<p>Las autoridades de Berl\u00edn, donde gobierna un tripartito entre socialdem\u00f3cratas, verdes e izquierdistas, impusieron hace unas semanas el uso de protectores en el transporte p\u00fablico y los comercios, aunque no en las calles.<\/p>\n\n\n\n<p>En las \u00faltimas 24 horas se registraron m\u00e1s de 900 nuevos casos y seis muertos, frente a los 684 contagios y seis fallecidos de ayer, inform\u00f3 el Instituto Robert Koch (RKI), la agencia gubernamental encargada del control de enfermedades infecciosas.<\/p>\n\n\n\n<p>El RKI detall\u00f3 que con los 902 casos detectados el balance total de contagios asciende a 207.828, en tanto la cifra de fallecidos es de 9.134 desde el inicio de la pandemia en el pa\u00eds europeo.<\/p>\n\n\n\n<p>En cuanto a las recuperaciones, cerca de 191.800 personas han logrado superar la enfermedad, incluidas 500 que han recibido el alta en las \u00faltimas 24 horas, citaron las agencias de noticias DPA y EFE.<\/p>\n\n\n\n<p>Asimismo, se inform\u00f3 que el coeficiente R, que mide la capacidad de contagio de cada infectado, es 1,14, lo que implica que una persona con coronavirus puede contagiar a m\u00e1s de una persona de media, seg\u00fan los guarismo de los \u00faltimos diez d\u00edas.<\/p>\n\n\n\n<p>El principal brote en estos momentos se encuentra en la localidad de Mamming, en el estado de Baviera, sur de Alemania, donde 174 jornaleros dieron positivo el s\u00e1bado.<\/p>\n\n\n\n<p>Los mataderos tambi\u00e9n fueron escenario de importantes rebrotes, por lo que el ministro de Trabajo, Hubertus Heil, anunci\u00f3 hoy medidas m\u00e1s restrictivas para la industria c\u00e1rnica.<\/p>\n\n\n\n<p>Por su parte, el ministro de Econom\u00eda, Peter Altmaier, avis\u00f3 de que el aumento de los casos en Alemania supone una \"importante se\u00f1al de advertencia\" y a\u00f1adi\u00f3 que \"puede poner en peligro la recuperaci\u00f3n econ\u00f3mica\".<\/p>\n\n\n\n<p>\"Las \u00faltimas semanas hemos estado mejor econ\u00f3micamente de lo que muchos esperaban. El repunte ya se deja ver y cobrar\u00e1 impulso en la segunda mitad del a\u00f1o. Pero este est\u00e1 sujeto a la salud de la poblaci\u00f3n. Por ello, tenemos que preocuparnos por el n\u00famero de casos\", expuso Altmaier a los medios.<\/p>\n\n\n\n<p>La vida p\u00fablica est\u00e1 pr\u00e1cticamente restablecida, tras las restricciones impuestas en los meses anteriores.<\/p>\n\n\n\n<p>Empero, siguen cerrados los clubes nocturnos y discotecas, pese a las quejas del sector directamente afectado y del turismo, ya que algunos de los locales m\u00e1s emblem\u00e1ticos de m\u00fasica electr\u00f3nica atra\u00edan a visitantes de todo el mundo.<\/p>\n","protected":false},"excerpt":{"rendered":"<p>La medida entrar\u00e1 en vigencia con la vuelta de las clases, el pr\u00f3ximo 10 de agosto, y el uso de barbijos ser\u00e1 obligatorio para moverse en las instalaciones educativas, pero no durante las clases o actividades extraescolares dentro de las aulas. Alemania registr\u00f3 m\u00e1s de 900 nuevos casos de coronavirus, mientras que la capital Berl\u00edn [&hellip;]<\/p>\n","protected":false},"author":5,"featured_media":256234,"comment_status":"open","ping_status":"open","sticky":false,"template":"","format":"standard","meta":{"_stopmodifiedupdate":false,"_modified_date":"","inline_featured_image":false,"spay_email":"","jetpack_publicize_message":""},"categories":[6],"tags":[],"jetpack_featured_media_url":"https:\/\/notinor.com\/jujuy\/wp-content\/uploads\/2020\/07\/MERKEL-1.jpg","jetpack_publicize_connections":[],"_links":{"self":[{"href":"https:\/\/notinor.com\/jujuy\/wp-json\/wp\/v2\/posts\/256233"}],"collection":[{"href":"https:\/\/notinor.com\/jujuy\/wp-json\/wp\/v2\/posts"}],"about":[{"href":"https:\/\/notinor.com\/jujuy\/wp-json\/wp\/v2\/types\/post"}],"author":[{"embeddable":true,"href":"https:\/\/notinor.com\/jujuy\/wp-json\/wp\/v2\/users\/5"}],"replies":[{"embeddable":true,"href":"https:\/\/notinor.com\/jujuy\/wp-json\/wp\/v2\/comments?post=256233"}],"version-history":[{"count":1,"href":"https:\/\/notinor.com\/jujuy\/wp-json\/wp\/v2\/posts\/256233\/revisions"}],"predecessor-version":[{"id":256235,"href":"https:\/\/notinor.com\/jujuy\/wp-json\/wp\/v2\/posts\/256233\/revisions\/256235"}],"wp:featuredmedia":[{"embeddable":true,"href":"https:\/\/notinor.com\/jujuy\/wp-json\/wp\/v2\/media\/256234"}],"wp:attachment":[{"href":"https:\/\/notinor.com\/jujuy\/wp-json\/wp\/v2\/media?parent=256233"}],"wp:term":[{"taxonomy":"category","embeddable":true,"href":"https:\/\/notinor.com\/jujuy\/wp-json\/wp\/v2\/categories?post=256233"},{"taxonomy":"post_tag","embeddable":true,"href":"https:\/\/notinor.com\/jujuy\/wp-json\/wp\/v2\/tags?post=256233"}],"curies":[{"name":"wp","href":"https:\/\/api.w.org\/{rel}","templated":true}]}}