{"id":256220,"date":"2020-07-30T15:44:10","date_gmt":"2020-07-30T18:44:10","guid":{"rendered":"https:\/\/notinor.com\/jujuy\/?p=256220"},"modified":"2020-07-30T15:49:15","modified_gmt":"2020-07-30T18:49:15","slug":"se-confirmo-el-cierre-de-al-menos-una-sede-de-supermercados-dia","status":"publish","type":"post","link":"https:\/\/notinor.com\/jujuy\/se-confirmo-el-cierre-de-al-menos-una-sede-de-supermercados-dia\/","title":{"rendered":"Confirmaron el cierre de al menos una sede de Supermercados D\u00eda"},"content":{"rendered":"\n<p>Tras mantener una reuni\u00f3n entre gerentes y empleados, la decisi\u00f3n fue ratificada por las autoridades.<\/p>\n\n\n\n<figure class=\"wp-block-image size-large\"><img decoding=\"async\" loading=\"lazy\" width=\"840\" height=\"473\" src=\"https:\/\/notinor.com\/jujuy\/wp-content\/uploads\/2020\/07\/FB_IMG_1596133977942-840x473.jpg\" alt=\"\" class=\"wp-image-256221\" srcset=\"https:\/\/notinor.com\/jujuy\/wp-content\/uploads\/2020\/07\/FB_IMG_1596133977942-840x473.jpg 840w, https:\/\/notinor.com\/jujuy\/wp-content\/uploads\/2020\/07\/FB_IMG_1596133977942-649x365.jpg 649w, https:\/\/notinor.com\/jujuy\/wp-content\/uploads\/2020\/07\/FB_IMG_1596133977942-768x432.jpg 768w, https:\/\/notinor.com\/jujuy\/wp-content\/uploads\/2020\/07\/FB_IMG_1596133977942-750x422.jpg 750w, https:\/\/notinor.com\/jujuy\/wp-content\/uploads\/2020\/07\/FB_IMG_1596133977942.jpg 960w\" sizes=\"(max-width: 840px) 100vw, 840px\" \/><\/figure>\n\n\n\n<p>Se confirm\u00f3 hace instantes el cierre de al menos una sede de Supermercados D\u00eda, ubicada en la avenida Fuerza A\u00e9rea del barrio Alto Comedero. Los empleados mantuvieron una reuni\u00f3n con el Gerente Regional y el Gerente de P\u00e9rdidas de la empresa, all\u00ed se les ratific\u00f3 la decisi\u00f3n.<\/p>\n\n\n\n<p>Autoridades del Centro de Empleados de Comercio se hallaban presentes en las inmediaciones del supermercado. \"Es el peor de los desenlaces\", manifestaron desde el CEC. Adem\u00e1s, informaron que se encuentran elaborando un documento que garantice que los empleados van a recibir las correspondientes indemnizaciones.<\/p>\n\n\n\n<figure class=\"wp-block-image size-large\"><img decoding=\"async\" loading=\"lazy\" width=\"840\" height=\"473\" src=\"https:\/\/notinor.com\/jujuy\/wp-content\/uploads\/2020\/07\/FB_IMG_1596132450687-840x473.jpg\" alt=\"\" class=\"wp-image-256211\" srcset=\"https:\/\/notinor.com\/jujuy\/wp-content\/uploads\/2020\/07\/FB_IMG_1596132450687-840x473.jpg 840w, https:\/\/notinor.com\/jujuy\/wp-content\/uploads\/2020\/07\/FB_IMG_1596132450687-649x365.jpg 649w, https:\/\/notinor.com\/jujuy\/wp-content\/uploads\/2020\/07\/FB_IMG_1596132450687-768x432.jpg 768w, https:\/\/notinor.com\/jujuy\/wp-content\/uploads\/2020\/07\/FB_IMG_1596132450687-750x422.jpg 750w, https:\/\/notinor.com\/jujuy\/wp-content\/uploads\/2020\/07\/FB_IMG_1596132450687.jpg 960w\" sizes=\"(max-width: 840px) 100vw, 840px\" \/><\/figure>\n","protected":false},"excerpt":{"rendered":"<p>Tras mantener una reuni\u00f3n entre gerentes y empleados, la decisi\u00f3n fue ratificada por las autoridades. Se confirm\u00f3 hace instantes el cierre de al menos una sede de Supermercados D\u00eda, ubicada en la avenida Fuerza A\u00e9rea del barrio Alto Comedero. Los empleados mantuvieron una reuni\u00f3n con el Gerente Regional y el Gerente de P\u00e9rdidas de la [&hellip;]<\/p>\n","protected":false},"author":1,"featured_media":256222,"comment_status":"open","ping_status":"open","sticky":false,"template":"","format":"standard","meta":{"_stopmodifiedupdate":false,"_modified_date":"","inline_featured_image":false,"spay_email":"","jetpack_publicize_message":""},"categories":[2],"tags":[],"jetpack_featured_media_url":"https:\/\/notinor.com\/jujuy\/wp-content\/uploads\/2020\/07\/FB_IMG_1596133977942-1.jpg","jetpack_publicize_connections":[],"_links":{"self":[{"href":"https:\/\/notinor.com\/jujuy\/wp-json\/wp\/v2\/posts\/256220"}],"collection":[{"href":"https:\/\/notinor.com\/jujuy\/wp-json\/wp\/v2\/posts"}],"about":[{"href":"https:\/\/notinor.com\/jujuy\/wp-json\/wp\/v2\/types\/post"}],"author":[{"embeddable":true,"href":"https:\/\/notinor.com\/jujuy\/wp-json\/wp\/v2\/users\/1"}],"replies":[{"embeddable":true,"href":"https:\/\/notinor.com\/jujuy\/wp-json\/wp\/v2\/comments?post=256220"}],"version-history":[{"count":3,"href":"https:\/\/notinor.com\/jujuy\/wp-json\/wp\/v2\/posts\/256220\/revisions"}],"predecessor-version":[{"id":256226,"href":"https:\/\/notinor.com\/jujuy\/wp-json\/wp\/v2\/posts\/256220\/revisions\/256226"}],"wp:featuredmedia":[{"embeddable":true,"href":"https:\/\/notinor.com\/jujuy\/wp-json\/wp\/v2\/media\/256222"}],"wp:attachment":[{"href":"https:\/\/notinor.com\/jujuy\/wp-json\/wp\/v2\/media?parent=256220"}],"wp:term":[{"taxonomy":"category","embeddable":true,"href":"https:\/\/notinor.com\/jujuy\/wp-json\/wp\/v2\/categories?post=256220"},{"taxonomy":"post_tag","embeddable":true,"href":"https:\/\/notinor.com\/jujuy\/wp-json\/wp\/v2\/tags?post=256220"}],"curies":[{"name":"wp","href":"https:\/\/api.w.org\/{rel}","templated":true}]}}