{"id":256212,"date":"2020-07-30T15:24:58","date_gmt":"2020-07-30T18:24:58","guid":{"rendered":"https:\/\/notinor.com\/jujuy\/?p=256212"},"modified":"2020-07-30T15:25:00","modified_gmt":"2020-07-30T18:25:00","slug":"el-ejercito-en-perico","status":"publish","type":"post","link":"https:\/\/notinor.com\/jujuy\/el-ejercito-en-perico\/","title":{"rendered":"El Ejercito en Perico"},"content":{"rendered":"\n<p>En la ma\u00f1ana de hoy arribaron a Perico camiones del Ejercicito Argentino con el prop\u00f3sito de hacer entrega de Bolsones de Mercader\u00edas para un sector del barrio la costanera<\/p>\n\n\n\n<div class=\"wp-block-image\"><figure class=\"aligncenter size-large is-resized\"><img decoding=\"async\" loading=\"lazy\" src=\"https:\/\/notinor.com\/jujuy\/wp-content\/uploads\/2020\/07\/WhatsApp-Image-2020-07-30-at-12.49.58-1-1-840x473.jpeg\" alt=\"\" class=\"wp-image-256214\" width=\"577\" height=\"324\" srcset=\"https:\/\/notinor.com\/jujuy\/wp-content\/uploads\/2020\/07\/WhatsApp-Image-2020-07-30-at-12.49.58-1-1-840x473.jpeg 840w, https:\/\/notinor.com\/jujuy\/wp-content\/uploads\/2020\/07\/WhatsApp-Image-2020-07-30-at-12.49.58-1-1-649x365.jpeg 649w, https:\/\/notinor.com\/jujuy\/wp-content\/uploads\/2020\/07\/WhatsApp-Image-2020-07-30-at-12.49.58-1-1-500x280.jpeg 500w, https:\/\/notinor.com\/jujuy\/wp-content\/uploads\/2020\/07\/WhatsApp-Image-2020-07-30-at-12.49.58-1-1-768x432.jpeg 768w, https:\/\/notinor.com\/jujuy\/wp-content\/uploads\/2020\/07\/WhatsApp-Image-2020-07-30-at-12.49.58-1-1-750x422.jpeg 750w, https:\/\/notinor.com\/jujuy\/wp-content\/uploads\/2020\/07\/WhatsApp-Image-2020-07-30-at-12.49.58-1-1-1140x641.jpeg 1140w, https:\/\/notinor.com\/jujuy\/wp-content\/uploads\/2020\/07\/WhatsApp-Image-2020-07-30-at-12.49.58-1-1.jpeg 1280w\" sizes=\"(max-width: 577px) 100vw, 577px\" \/><\/figure><\/div>\n\n\n\n<p> el env\u00edo procede del Ministro de Desarrollo Humano de la Provincia, y la entrega se realiza en forma conjunta con el \u00e1rea Desarrollo Social del Municipio de Perico.<\/p>\n\n\n\n<div class=\"wp-block-image\"><figure class=\"aligncenter size-large is-resized\"><img decoding=\"async\" loading=\"lazy\" src=\"https:\/\/notinor.com\/jujuy\/wp-content\/uploads\/2020\/07\/WhatsApp-Image-2020-07-30-at-12.49.58-2-640x480.jpeg\" alt=\"\" class=\"wp-image-256215\" width=\"485\" height=\"364\" srcset=\"https:\/\/notinor.com\/jujuy\/wp-content\/uploads\/2020\/07\/WhatsApp-Image-2020-07-30-at-12.49.58-2-640x480.jpeg 640w, https:\/\/notinor.com\/jujuy\/wp-content\/uploads\/2020\/07\/WhatsApp-Image-2020-07-30-at-12.49.58-2-487x365.jpeg 487w, https:\/\/notinor.com\/jujuy\/wp-content\/uploads\/2020\/07\/WhatsApp-Image-2020-07-30-at-12.49.58-2-768x576.jpeg 768w, https:\/\/notinor.com\/jujuy\/wp-content\/uploads\/2020\/07\/WhatsApp-Image-2020-07-30-at-12.49.58-2-750x563.jpeg 750w, https:\/\/notinor.com\/jujuy\/wp-content\/uploads\/2020\/07\/WhatsApp-Image-2020-07-30-at-12.49.58-2-1140x855.jpeg 1140w, https:\/\/notinor.com\/jujuy\/wp-content\/uploads\/2020\/07\/WhatsApp-Image-2020-07-30-at-12.49.58-2.jpeg 1280w\" sizes=\"(max-width: 485px) 100vw, 485px\" \/><\/figure><\/div>\n\n\n\n<p> Su Directora Sra. Magdalena Tejerina dijo a Notinor, que est\u00e1 actividad se realiza merced a un trabajo de relevamiento en barrios de Perico, sobre personas en estado de vulnerabilidad por la situaci\u00f3n cr\u00edtica debido a la Pandemia de COVID 19 .<\/p>\n\n\n\n<div class=\"wp-block-image\"><figure class=\"aligncenter size-large is-resized\"><img decoding=\"async\" loading=\"lazy\" src=\"https:\/\/notinor.com\/jujuy\/wp-content\/uploads\/2020\/07\/WhatsApp-Image-2020-07-30-at-12.49.59-640x480.jpeg\" alt=\"\" class=\"wp-image-256216\" width=\"583\" height=\"437\" srcset=\"https:\/\/notinor.com\/jujuy\/wp-content\/uploads\/2020\/07\/WhatsApp-Image-2020-07-30-at-12.49.59-640x480.jpeg 640w, https:\/\/notinor.com\/jujuy\/wp-content\/uploads\/2020\/07\/WhatsApp-Image-2020-07-30-at-12.49.59-487x365.jpeg 487w, https:\/\/notinor.com\/jujuy\/wp-content\/uploads\/2020\/07\/WhatsApp-Image-2020-07-30-at-12.49.59-768x576.jpeg 768w, https:\/\/notinor.com\/jujuy\/wp-content\/uploads\/2020\/07\/WhatsApp-Image-2020-07-30-at-12.49.59-750x563.jpeg 750w, https:\/\/notinor.com\/jujuy\/wp-content\/uploads\/2020\/07\/WhatsApp-Image-2020-07-30-at-12.49.59-1140x855.jpeg 1140w, https:\/\/notinor.com\/jujuy\/wp-content\/uploads\/2020\/07\/WhatsApp-Image-2020-07-30-at-12.49.59.jpeg 1280w\" sizes=\"(max-width: 583px) 100vw, 583px\" \/><\/figure><\/div>\n\n\n\n<p> La entrega, dijo la Funcionaria se va a extender en los demas barrios como La Chacra. Malvinas Argentinas de la zona de Las Pampitas.<\/p>\n","protected":false},"excerpt":{"rendered":"<p>En la ma\u00f1ana de hoy arribaron a Perico camiones del Ejercicito Argentino con el prop\u00f3sito de hacer entrega de Bolsones de Mercader\u00edas para un sector del barrio la costanera el env\u00edo procede del Ministro de Desarrollo Humano de la Provincia, y la entrega se realiza en forma conjunta con el \u00e1rea Desarrollo Social del Municipio [&hellip;]<\/p>\n","protected":false},"author":40,"featured_media":256213,"comment_status":"open","ping_status":"open","sticky":false,"template":"","format":"standard","meta":{"_stopmodifiedupdate":false,"_modified_date":"","inline_featured_image":false,"spay_email":"","jetpack_publicize_message":""},"categories":[4],"tags":[],"jetpack_featured_media_url":"https:\/\/notinor.com\/jujuy\/wp-content\/uploads\/2020\/07\/WhatsApp-Image-2020-07-30-at-12.49.58-1.jpeg","jetpack_publicize_connections":[],"_links":{"self":[{"href":"https:\/\/notinor.com\/jujuy\/wp-json\/wp\/v2\/posts\/256212"}],"collection":[{"href":"https:\/\/notinor.com\/jujuy\/wp-json\/wp\/v2\/posts"}],"about":[{"href":"https:\/\/notinor.com\/jujuy\/wp-json\/wp\/v2\/types\/post"}],"author":[{"embeddable":true,"href":"https:\/\/notinor.com\/jujuy\/wp-json\/wp\/v2\/users\/40"}],"replies":[{"embeddable":true,"href":"https:\/\/notinor.com\/jujuy\/wp-json\/wp\/v2\/comments?post=256212"}],"version-history":[{"count":1,"href":"https:\/\/notinor.com\/jujuy\/wp-json\/wp\/v2\/posts\/256212\/revisions"}],"predecessor-version":[{"id":256217,"href":"https:\/\/notinor.com\/jujuy\/wp-json\/wp\/v2\/posts\/256212\/revisions\/256217"}],"wp:featuredmedia":[{"embeddable":true,"href":"https:\/\/notinor.com\/jujuy\/wp-json\/wp\/v2\/media\/256213"}],"wp:attachment":[{"href":"https:\/\/notinor.com\/jujuy\/wp-json\/wp\/v2\/media?parent=256212"}],"wp:term":[{"taxonomy":"category","embeddable":true,"href":"https:\/\/notinor.com\/jujuy\/wp-json\/wp\/v2\/categories?post=256212"},{"taxonomy":"post_tag","embeddable":true,"href":"https:\/\/notinor.com\/jujuy\/wp-json\/wp\/v2\/tags?post=256212"}],"curies":[{"name":"wp","href":"https:\/\/api.w.org\/{rel}","templated":true}]}}