{"id":256210,"date":"2020-07-30T15:25:59","date_gmt":"2020-07-30T18:25:59","guid":{"rendered":"https:\/\/notinor.com\/jujuy\/?p=256210"},"modified":"2020-07-30T15:26:02","modified_gmt":"2020-07-30T18:26:02","slug":"reunion-entre-empleados-y-gerentes-del-supermercado-dia","status":"publish","type":"post","link":"https:\/\/notinor.com\/jujuy\/reunion-entre-empleados-y-gerentes-del-supermercado-dia\/","title":{"rendered":"Reuni\u00f3n entre empleados y gerentes del supermercado D\u00eda"},"content":{"rendered":"\n<p>Desde el CEC afirmaron que no se retirar\u00e1n del establecimiento hasta que se hagan presentes autoridades del Ministerio de Trabajo y Empleo.<\/p>\n\n\n\n<figure class=\"wp-block-image size-large\"><img decoding=\"async\" loading=\"lazy\" width=\"840\" height=\"473\" src=\"https:\/\/notinor.com\/jujuy\/wp-content\/uploads\/2020\/07\/FB_IMG_1596132450687-840x473.jpg\" alt=\"\" class=\"wp-image-256211\" srcset=\"https:\/\/notinor.com\/jujuy\/wp-content\/uploads\/2020\/07\/FB_IMG_1596132450687-840x473.jpg 840w, https:\/\/notinor.com\/jujuy\/wp-content\/uploads\/2020\/07\/FB_IMG_1596132450687-649x365.jpg 649w, https:\/\/notinor.com\/jujuy\/wp-content\/uploads\/2020\/07\/FB_IMG_1596132450687-768x432.jpg 768w, https:\/\/notinor.com\/jujuy\/wp-content\/uploads\/2020\/07\/FB_IMG_1596132450687-750x422.jpg 750w, https:\/\/notinor.com\/jujuy\/wp-content\/uploads\/2020\/07\/FB_IMG_1596132450687.jpg 960w\" sizes=\"(max-width: 840px) 100vw, 840px\" \/><\/figure>\n\n\n\n<p>Se viven momentos tensos en el supermercado D\u00eda ubicado sobre avenida Fuerza A\u00e9rea en el barrio Alto Comedero. Desde las autoridades de la empresa anunciaron que ma\u00f1ana ya no operar\u00e1n m\u00e1s en la provincia, por parte del CEC continuar\u00e1n intentando mantener los puestos de trabajo de los empleados. <\/p>\n\n\n\n<p>En estos momentos los empleados, el Gerente Regional y el Gerente de P\u00e9rdidas del supermercado se encuentran reunidos. <\/p>\n\n\n\n<p>Cabe mencionar que autoridades del Centro de Empleados de Comercio y de otras cadenas de supermercados se encuentran a las afueras del establecimiento comercial a la espera de una resoluci\u00f3n y de la presencia del Ministerio de Trabajo y Empleo. <\/p>\n","protected":false},"excerpt":{"rendered":"<p>Desde el CEC afirmaron que no se retirar\u00e1n del establecimiento hasta que se hagan presentes autoridades del Ministerio de Trabajo y Empleo. Se viven momentos tensos en el supermercado D\u00eda ubicado sobre avenida Fuerza A\u00e9rea en el barrio Alto Comedero. Desde las autoridades de la empresa anunciaron que ma\u00f1ana ya no operar\u00e1n m\u00e1s en la [&hellip;]<\/p>\n","protected":false},"author":1,"featured_media":256218,"comment_status":"open","ping_status":"open","sticky":false,"template":"","format":"standard","meta":{"_stopmodifiedupdate":false,"_modified_date":"","inline_featured_image":false,"spay_email":"","jetpack_publicize_message":""},"categories":[2],"tags":[],"jetpack_featured_media_url":"https:\/\/notinor.com\/jujuy\/wp-content\/uploads\/2020\/07\/FB_IMG_1596132450687-1.jpg","jetpack_publicize_connections":[],"_links":{"self":[{"href":"https:\/\/notinor.com\/jujuy\/wp-json\/wp\/v2\/posts\/256210"}],"collection":[{"href":"https:\/\/notinor.com\/jujuy\/wp-json\/wp\/v2\/posts"}],"about":[{"href":"https:\/\/notinor.com\/jujuy\/wp-json\/wp\/v2\/types\/post"}],"author":[{"embeddable":true,"href":"https:\/\/notinor.com\/jujuy\/wp-json\/wp\/v2\/users\/1"}],"replies":[{"embeddable":true,"href":"https:\/\/notinor.com\/jujuy\/wp-json\/wp\/v2\/comments?post=256210"}],"version-history":[{"count":1,"href":"https:\/\/notinor.com\/jujuy\/wp-json\/wp\/v2\/posts\/256210\/revisions"}],"predecessor-version":[{"id":256219,"href":"https:\/\/notinor.com\/jujuy\/wp-json\/wp\/v2\/posts\/256210\/revisions\/256219"}],"wp:featuredmedia":[{"embeddable":true,"href":"https:\/\/notinor.com\/jujuy\/wp-json\/wp\/v2\/media\/256218"}],"wp:attachment":[{"href":"https:\/\/notinor.com\/jujuy\/wp-json\/wp\/v2\/media?parent=256210"}],"wp:term":[{"taxonomy":"category","embeddable":true,"href":"https:\/\/notinor.com\/jujuy\/wp-json\/wp\/v2\/categories?post=256210"},{"taxonomy":"post_tag","embeddable":true,"href":"https:\/\/notinor.com\/jujuy\/wp-json\/wp\/v2\/tags?post=256210"}],"curies":[{"name":"wp","href":"https:\/\/api.w.org\/{rel}","templated":true}]}}