{"id":256200,"date":"2020-07-30T14:12:04","date_gmt":"2020-07-30T17:12:04","guid":{"rendered":"https:\/\/notinor.com\/jujuy\/?p=256200"},"modified":"2020-07-30T14:12:06","modified_gmt":"2020-07-30T17:12:06","slug":"bolivia-tuvo-otra-jornada-con-record-de-muertes-por-coronavirus-y-la-paz-volvera-a-una-cuarentena-rigida","status":"publish","type":"post","link":"https:\/\/notinor.com\/jujuy\/bolivia-tuvo-otra-jornada-con-record-de-muertes-por-coronavirus-y-la-paz-volvera-a-una-cuarentena-rigida\/","title":{"rendered":"Bolivia tuvo otra jornada con r\u00e9cord de muertes por coronavirus y La Paz volver\u00e1 a una cuarentena r\u00edgida"},"content":{"rendered":"\n<p>El Ministerio de Salud confirm\u00f3 88 decesos en 24 horas, lo que eleva el total de v\u00edctimas a 2.808<\/p>\n\n\n\n<figure class=\"wp-block-image size-large\"><img decoding=\"async\" loading=\"lazy\" width=\"721\" height=\"480\" src=\"https:\/\/notinor.com\/jujuy\/wp-content\/uploads\/2020\/07\/BOLIVIA-4-721x480.jpg\" alt=\"\" class=\"wp-image-256205\" srcset=\"https:\/\/notinor.com\/jujuy\/wp-content\/uploads\/2020\/07\/BOLIVIA-4-721x480.jpg 721w, https:\/\/notinor.com\/jujuy\/wp-content\/uploads\/2020\/07\/BOLIVIA-4-549x365.jpg 549w, https:\/\/notinor.com\/jujuy\/wp-content\/uploads\/2020\/07\/BOLIVIA-4.jpg 750w\" sizes=\"(max-width: 721px) 100vw, 721px\" \/><\/figure>\n\n\n\n<p>El Ministerio de Salud de Bolivia inform\u00f3 este mi\u00e9rcoles que el pa\u00eds registr\u00f3 el n\u00famero m\u00e1s alto de fallecimientos por la COVID-19 desde que comenz\u00f3 la pandemia, 88 muertes que han elevado el balance hasta las 2.808 v\u00edctimas mortales.<\/p>\n\n\n\n<p>Seg\u00fan los datos ofrecidos por las autoridades sanitarias bolivianas, la mayor parte de las muertes se han concentrado en los departamentos de Santa Cruz y La Paz, que han registrado 29 y 28, respectivamente.<\/p>\n\n\n\n<p>Adem\u00e1s, el Ministerio de Salud de la naci\u00f3n andina traslad\u00f3 que, en las \u00faltimas 24 horas, se han constatado 1.207 nuevos positivos por la COVID-19. Hasta el momento, Bolivia acumula 73.534 personas contagiadas.<\/p>\n\n\n\n<p>Santa Cruz, que es el departamento boliviano m\u00e1s afectado por la pandemia, ha concentrado la mayor\u00eda de los contagios adicionales, 466, seg\u00fan ha informado la agencia de noticias boliviana ABI. La Paz le sigue con 364 m\u00e1s en las \u00faltimas 24 horas. Hasta el momento, estos departamentos han confirmado 33.550 y 14.982 personas contagiadas, respectivamente.<\/p>\n\n\n\n<p>En este contexto, el alcalde de La Paz, Luis Revilla, avanz\u00f3 que el departamento volver\u00e1 a decretar una cuarentena r\u00edgida, tras recibir una recomendaci\u00f3n emitida por el comit\u00e9 cient\u00edfico del departamento, aunque no ha precisado fecha alguna.<\/p>\n\n\n\n<p>\u201cS\u00ed, va a haber cuarentena r\u00edgida, pero la fecha est\u00e1 todav\u00eda en discusi\u00f3n\u201d, ha indicado en una entrevista con Unitel. Adem\u00e1s, la cuarentena, que tiene el objetivo de frenar la propagaci\u00f3n de la pandemia en la regi\u00f3n boliviana, estar\u00e1 acompa\u00f1ada de un \u201cmega\u201d rastreo para detectar casos de coronavirus y entregar medicamentos a la poblaci\u00f3n.<\/p>\n\n\n\n<p>\u201cEn medio de esa cuarentena (se busca) llevar adelante un megarastrillaje que estamos planificando para La Paz y El Alto, donde identificar\u00edamos a las personas que se encuentran enfermas y entregar\u00edamos medicamentos a las familias de estas ciudades\u201d, concluy\u00f3 Revilla.<\/p>\n","protected":false},"excerpt":{"rendered":"<p>El Ministerio de Salud confirm\u00f3 88 decesos en 24 horas, lo que eleva el total de v\u00edctimas a 2.808 El Ministerio de Salud de Bolivia inform\u00f3 este mi\u00e9rcoles que el pa\u00eds registr\u00f3 el n\u00famero m\u00e1s alto de fallecimientos por la COVID-19 desde que comenz\u00f3 la pandemia, 88 muertes que han elevado el balance hasta las [&hellip;]<\/p>\n","protected":false},"author":5,"featured_media":256205,"comment_status":"open","ping_status":"open","sticky":false,"template":"","format":"standard","meta":{"_stopmodifiedupdate":false,"_modified_date":"","inline_featured_image":false,"spay_email":"","jetpack_publicize_message":""},"categories":[6],"tags":[],"jetpack_featured_media_url":"https:\/\/notinor.com\/jujuy\/wp-content\/uploads\/2020\/07\/BOLIVIA-4.jpg","jetpack_publicize_connections":[],"_links":{"self":[{"href":"https:\/\/notinor.com\/jujuy\/wp-json\/wp\/v2\/posts\/256200"}],"collection":[{"href":"https:\/\/notinor.com\/jujuy\/wp-json\/wp\/v2\/posts"}],"about":[{"href":"https:\/\/notinor.com\/jujuy\/wp-json\/wp\/v2\/types\/post"}],"author":[{"embeddable":true,"href":"https:\/\/notinor.com\/jujuy\/wp-json\/wp\/v2\/users\/5"}],"replies":[{"embeddable":true,"href":"https:\/\/notinor.com\/jujuy\/wp-json\/wp\/v2\/comments?post=256200"}],"version-history":[{"count":1,"href":"https:\/\/notinor.com\/jujuy\/wp-json\/wp\/v2\/posts\/256200\/revisions"}],"predecessor-version":[{"id":256206,"href":"https:\/\/notinor.com\/jujuy\/wp-json\/wp\/v2\/posts\/256200\/revisions\/256206"}],"wp:featuredmedia":[{"embeddable":true,"href":"https:\/\/notinor.com\/jujuy\/wp-json\/wp\/v2\/media\/256205"}],"wp:attachment":[{"href":"https:\/\/notinor.com\/jujuy\/wp-json\/wp\/v2\/media?parent=256200"}],"wp:term":[{"taxonomy":"category","embeddable":true,"href":"https:\/\/notinor.com\/jujuy\/wp-json\/wp\/v2\/categories?post=256200"},{"taxonomy":"post_tag","embeddable":true,"href":"https:\/\/notinor.com\/jujuy\/wp-json\/wp\/v2\/tags?post=256200"}],"curies":[{"name":"wp","href":"https:\/\/api.w.org\/{rel}","templated":true}]}}