{"id":256188,"date":"2020-07-30T13:25:07","date_gmt":"2020-07-30T16:25:07","guid":{"rendered":"https:\/\/notinor.com\/jujuy\/?p=256188"},"modified":"2020-07-30T13:25:12","modified_gmt":"2020-07-30T16:25:12","slug":"alberto-fernandez-defendio-el-proyecto-de-reforma-judicial-el-maximo-tribunal-esta-funcionado-mal","status":"publish","type":"post","link":"https:\/\/notinor.com\/jujuy\/alberto-fernandez-defendio-el-proyecto-de-reforma-judicial-el-maximo-tribunal-esta-funcionado-mal\/","title":{"rendered":"Alberto Fern\u00e1ndez defendi\u00f3 el proyecto de reforma judicial: \u201cEl m\u00e1ximo tribunal est\u00e1 funcionado mal\u201d"},"content":{"rendered":"\n<p>El presidente defendi\u00f3 el proyecto de reforma judicial, advirti\u00f3 que el \u201cproblema no es el n\u00famero de miembros de la Corte Suprema\u201d y le envi\u00f3 un mensaje a la oposici\u00f3n.<\/p>\n\n\n\n<figure class=\"wp-block-image size-large\"><img decoding=\"async\" loading=\"lazy\" width=\"744\" height=\"391\" src=\"https:\/\/notinor.com\/jujuy\/wp-content\/uploads\/2020\/07\/alberto-1.jpg\" alt=\"\" class=\"wp-image-256189\" srcset=\"https:\/\/notinor.com\/jujuy\/wp-content\/uploads\/2020\/07\/alberto-1.jpg 744w, https:\/\/notinor.com\/jujuy\/wp-content\/uploads\/2020\/07\/alberto-1-660x347.jpg 660w\" sizes=\"(max-width: 744px) 100vw, 744px\" \/><\/figure>\n\n\n\n<p>Luego de presentar oficialmente el proyecto de reforma judicial, el presidente Alberto Fern\u00e1ndez\u200b neg\u00f3 que pretenda ampliar la cantidad de miembros de la Corte Suprema de Justicia, pero advirti\u00f3 que \u201cactualmente el m\u00e1ximo tribunal est\u00e1 funcionando mal\u201d. \u201cNunca habl\u00e9 de cambiar la Corte. Yo siempre dije que el problema de la Corte no es el n\u00famero de los miembros\u201c, afirm\u00f3 el jefe del Estado, en di\u00e1logo radial.<\/p>\n\n\n\n<p>Y a\u00f1adi\u00f3: \u201cToda mi vida he dicho que el problema de la Corte no est\u00e1 en el n\u00famero, con cinco miembros puede funcionar. Lo que s\u00ed digo es que as\u00ed est\u00e1 funcionando mal. Con cualquier que usted hable le dice que la Corte est\u00e1 virtualmente paralizada\u201d.<\/p>\n\n\n\n<p>Con cr\u00edticas al funcionamiento, cuestion\u00f3: \u201c\u00bfUstedes saben que el 80% de las sentencias que dictan son rechazos que se ponen con una plancha que dice que por no ser sentencia definitiva no lo tratan, y saben que adem\u00e1s, para poner esa plancha, el tr\u00e1mite demanda entre un a\u00f1o y medio o dos? Eso funciona mal\u201d.<\/p>\n\n\n\n<p>El mandatario rechaz\u00f3 la idea de que la vicepresidenta Cristina Kirchner lo haya presionado para impulsar la reforma. \u201c\u00bfC\u00f3mo alguien puede pensar que esto es algo impuesto por Cristina? Yo estoy indignado con lo que ha pasado en la Justicia en los \u00faltimos a\u00f1os\u201d, afirm\u00f3. \u201cYo estoy intentando hacer un mejor sistema de Justicia en Argentina\u201c, insisti\u00f3.<\/p>\n\n\n\n<p>En esa l\u00ednea, remarc\u00f3 su cambio de opini\u00f3n sobre el juicio por jurados: \u201cCreo que es m\u00e1s dif\u00edcil que los medios influyan sobre once jurados que sobre un juez. Ya tengo constatado que sobre un juez influyen\u201d.<\/p>\n\n\n\n<p>Adem\u00e1s, Fern\u00e1ndez critic\u00f3 la reacci\u00f3n de Juntos por el Cambio al proyecto oficial para revisar el funcionamiento de la Justicia y del m\u00e1ximo tribunal. \u201cLa oposici\u00f3n tiene todas las posibilidades de plantear sus pareceres sobre la reforma, ya que no se trata de una iniciativa establecida por un decreto de necesidad y urgencia. Estamos abiertos, porque lo \u00fanico que queremos es que la Justicia funcione de otro modo\u201d, sostuvo.<\/p>\n\n\n\n<p>Qu\u00e9 plantea el proyecto que envi\u00f3 Alberto Fern\u00e1ndez<\/p>\n\n\n\n<p>La reforma judicial incluye un proyecto de ley para modificar los tribunales penales que se encargan de las causas de corrupci\u00f3n y la creaci\u00f3n de un consejo consultivo que entre sus amplias facultades se abocar\u00e1 a evaluar la integraci\u00f3n y el funcionamiento de la Corte Suprema.<\/p>\n\n\n\n<p>Durante el acto de presentaci\u00f3n se not\u00f3 la falta de consenso con la que parte la iniciativa. No hubo representantes de Juntos por el Cambio, coalici\u00f3n que anticip\u00f3 su rechazo, y de la Corte Suprema solo particip\u00f3 Elena Highton de Nolasco. Tampoco estuvo la vicepresidenta Cristina Kirchner.<\/p>\n\n\n\n<p>Sobre el final de la entrevista, aclar\u00f3 que su discurso \u201cllam\u00f3 a una reflexi\u00f3n a todos\u201d. \u201cQueremos que la Justicia funcione mejor, no queremos otra cosa. Se han dicho un mont\u00f3n de cosas y lo \u00fanico que hicimos fue enviar un proyecto de ley, no cambiar con un decreto\u201d, remarc\u00f3.<\/p>\n","protected":false},"excerpt":{"rendered":"<p>El presidente defendi\u00f3 el proyecto de reforma judicial, advirti\u00f3 que el \u201cproblema no es el n\u00famero de miembros de la Corte Suprema\u201d y le envi\u00f3 un mensaje a la oposici\u00f3n. Luego de presentar oficialmente el proyecto de reforma judicial, el presidente Alberto Fern\u00e1ndez\u200b neg\u00f3 que pretenda ampliar la cantidad de miembros de la Corte Suprema [&hellip;]<\/p>\n","protected":false},"author":5,"featured_media":256189,"comment_status":"open","ping_status":"open","sticky":false,"template":"","format":"standard","meta":{"_stopmodifiedupdate":false,"_modified_date":"","inline_featured_image":false,"spay_email":"","jetpack_publicize_message":""},"categories":[5],"tags":[],"jetpack_featured_media_url":"https:\/\/notinor.com\/jujuy\/wp-content\/uploads\/2020\/07\/alberto-1.jpg","jetpack_publicize_connections":[],"_links":{"self":[{"href":"https:\/\/notinor.com\/jujuy\/wp-json\/wp\/v2\/posts\/256188"}],"collection":[{"href":"https:\/\/notinor.com\/jujuy\/wp-json\/wp\/v2\/posts"}],"about":[{"href":"https:\/\/notinor.com\/jujuy\/wp-json\/wp\/v2\/types\/post"}],"author":[{"embeddable":true,"href":"https:\/\/notinor.com\/jujuy\/wp-json\/wp\/v2\/users\/5"}],"replies":[{"embeddable":true,"href":"https:\/\/notinor.com\/jujuy\/wp-json\/wp\/v2\/comments?post=256188"}],"version-history":[{"count":1,"href":"https:\/\/notinor.com\/jujuy\/wp-json\/wp\/v2\/posts\/256188\/revisions"}],"predecessor-version":[{"id":256190,"href":"https:\/\/notinor.com\/jujuy\/wp-json\/wp\/v2\/posts\/256188\/revisions\/256190"}],"wp:featuredmedia":[{"embeddable":true,"href":"https:\/\/notinor.com\/jujuy\/wp-json\/wp\/v2\/media\/256189"}],"wp:attachment":[{"href":"https:\/\/notinor.com\/jujuy\/wp-json\/wp\/v2\/media?parent=256188"}],"wp:term":[{"taxonomy":"category","embeddable":true,"href":"https:\/\/notinor.com\/jujuy\/wp-json\/wp\/v2\/categories?post=256188"},{"taxonomy":"post_tag","embeddable":true,"href":"https:\/\/notinor.com\/jujuy\/wp-json\/wp\/v2\/tags?post=256188"}],"curies":[{"name":"wp","href":"https:\/\/api.w.org\/{rel}","templated":true}]}}