{"id":253036,"date":"2020-07-15T21:13:38","date_gmt":"2020-07-16T00:13:38","guid":{"rendered":"https:\/\/notinor.com\/jujuy\/?p=253036"},"modified":"2020-07-15T21:13:38","modified_gmt":"2020-07-16T00:13:38","slug":"ultimo-momento-caso-positivo-de-covid-19-en-la-cooperativa-de-tabacaleros-de-perico","status":"publish","type":"post","link":"https:\/\/notinor.com\/jujuy\/ultimo-momento-caso-positivo-de-covid-19-en-la-cooperativa-de-tabacaleros-de-perico\/","title":{"rendered":"ULTIMO MOMENTO.   Caso positivo de COVID-19 en la Cooperativa de Tabacaleros de Perico"},"content":{"rendered":"<p>En la tarde de hoy, las Autoridades de la Cooperativa de Tabacaleros de Jujuy Ltda. Informaron que se registr\u00f3 un caso positivo de COVID 19 entre el personal de la planta tabacalera. Se tratar\u00eda de un personal de servicio del \u00e1rea Vigilancia. El mismo se encuentra ausente de la empresa desde el pasado d\u00eda jueves. De igual manera se sigue trabajando sobre el importante tema dijeron las Autoridades.<img decoding=\"async\" loading=\"lazy\" class=\"alignnone size-full wp-image-253039\" src=\"https:\/\/notinor.com\/jujuy\/wp-content\/uploads\/2020\/07\/tabacooooooooooooo.jpg\" alt=\"\" width=\"480\" height=\"360\" \/><\/p>\n","protected":false},"excerpt":{"rendered":"<p>En la tarde de hoy, las Autoridades de la Cooperativa de Tabacaleros de Jujuy Ltda. Informaron que se registr\u00f3 un caso positivo de COVID 19 entre el personal de la planta tabacalera. Se tratar\u00eda de un personal de servicio del \u00e1rea Vigilancia. El mismo se encuentra ausente de la empresa desde el pasado d\u00eda jueves. [&hellip;]<\/p>\n","protected":false},"author":1,"featured_media":253039,"comment_status":"open","ping_status":"open","sticky":false,"template":"","format":"standard","meta":{"_stopmodifiedupdate":false,"_modified_date":"","inline_featured_image":false,"spay_email":"","jetpack_publicize_message":""},"categories":[2],"tags":[],"jetpack_featured_media_url":"https:\/\/notinor.com\/jujuy\/wp-content\/uploads\/2020\/07\/tabacooooooooooooo.jpg","jetpack_publicize_connections":[],"_links":{"self":[{"href":"https:\/\/notinor.com\/jujuy\/wp-json\/wp\/v2\/posts\/253036"}],"collection":[{"href":"https:\/\/notinor.com\/jujuy\/wp-json\/wp\/v2\/posts"}],"about":[{"href":"https:\/\/notinor.com\/jujuy\/wp-json\/wp\/v2\/types\/post"}],"author":[{"embeddable":true,"href":"https:\/\/notinor.com\/jujuy\/wp-json\/wp\/v2\/users\/1"}],"replies":[{"embeddable":true,"href":"https:\/\/notinor.com\/jujuy\/wp-json\/wp\/v2\/comments?post=253036"}],"version-history":[{"count":1,"href":"https:\/\/notinor.com\/jujuy\/wp-json\/wp\/v2\/posts\/253036\/revisions"}],"predecessor-version":[{"id":253041,"href":"https:\/\/notinor.com\/jujuy\/wp-json\/wp\/v2\/posts\/253036\/revisions\/253041"}],"wp:featuredmedia":[{"embeddable":true,"href":"https:\/\/notinor.com\/jujuy\/wp-json\/wp\/v2\/media\/253039"}],"wp:attachment":[{"href":"https:\/\/notinor.com\/jujuy\/wp-json\/wp\/v2\/media?parent=253036"}],"wp:term":[{"taxonomy":"category","embeddable":true,"href":"https:\/\/notinor.com\/jujuy\/wp-json\/wp\/v2\/categories?post=253036"},{"taxonomy":"post_tag","embeddable":true,"href":"https:\/\/notinor.com\/jujuy\/wp-json\/wp\/v2\/tags?post=253036"}],"curies":[{"name":"wp","href":"https:\/\/api.w.org\/{rel}","templated":true}]}}