{"id":253029,"date":"2020-07-15T21:03:42","date_gmt":"2020-07-16T00:03:42","guid":{"rendered":"https:\/\/notinor.com\/jujuy\/?p=253029"},"modified":"2022-04-28T00:16:13","modified_gmt":"2022-04-28T03:16:13","slug":"mira-como-anuel-aa-y-su-ex-pareja-celebraron-el-cumpleanos-de-su-hijo","status":"publish","type":"post","link":"https:\/\/notinor.com\/jujuy\/mira-como-anuel-aa-y-su-ex-pareja-celebraron-el-cumpleanos-de-su-hijo\/","title":{"rendered":"Mira como Anuel AA y su ex pareja celebraron el cumplea\u00f1os de su hijo"},"content":{"rendered":"<h4 class=\"land-see-subtitle\">En el mes de junio el hijo de Anuel AA cumplio sus 7 a\u00f1itos, por lo que el cantante celebr\u00f3 este hecho con una reuni\u00f3n muy \u00edntima. El ni\u00f1o, quien es hijo de Astrid Cuevas tambien compartio junto a su mam\u00e1.<\/h4>\n<p>Por medio de la cuenta de Pablito, sus padres compartieron im\u00e1genes de la celebraci\u00f3n que se le hizo al peque\u00f1o, en la que se puede apreciar las decoraciones y la felicidad del ni\u00f1o por su fiesta.<\/p>\n<p><img decoding=\"async\" loading=\"lazy\" class=\"alignnone size-medium wp-image-253032\" src=\"https:\/\/notinor.com\/jujuy\/wp-content\/uploads\/2020\/07\/1575478508-familia-karol-g-celebro-anuel-aa-su-hijo-pablo-cumpleanos-su-papa-660x347.jpg\" alt=\"\" width=\"660\" height=\"347\" srcset=\"https:\/\/notinor.com\/jujuy\/wp-content\/uploads\/2020\/07\/1575478508-familia-karol-g-celebro-anuel-aa-su-hijo-pablo-cumpleanos-su-papa-660x347.jpg 660w, https:\/\/notinor.com\/jujuy\/wp-content\/uploads\/2020\/07\/1575478508-familia-karol-g-celebro-anuel-aa-su-hijo-pablo-cumpleanos-su-papa-840x441.jpg 840w, https:\/\/notinor.com\/jujuy\/wp-content\/uploads\/2020\/07\/1575478508-familia-karol-g-celebro-anuel-aa-su-hijo-pablo-cumpleanos-su-papa-768x403.jpg 768w, https:\/\/notinor.com\/jujuy\/wp-content\/uploads\/2020\/07\/1575478508-familia-karol-g-celebro-anuel-aa-su-hijo-pablo-cumpleanos-su-papa.jpg 1200w\" sizes=\"(max-width: 660px) 100vw, 660px\" \/><\/p>\n<p>En las diferentes fotos se le ve muy contentos a todos, en especial a Pablito, pero cada padre pos\u00f3 por separado y en distintas im\u00e1genes. A pesar de que no hay muchos detalles sobre esto, se nota el esfuerzo que hicieron para complacer su hijo.<\/p>\n<p>Pero, \u00bfPor qu\u00e9 Karol G no aparece por ningun lado? Pues recordemos que la colombiana declar\u00f3 recientemente que dio positivo para el coronavirus, por lo que se tiene que mantener aislada, puesto que Anuel, a pesar de ser su pareja no se contagi\u00f3.<\/p>\n<p><img decoding=\"async\" loading=\"lazy\" class=\"alignnone size-medium wp-image-253033\" src=\"https:\/\/notinor.com\/jujuy\/wp-content\/uploads\/2020\/07\/1_anuel_hijo-547x365.jpg\" alt=\"\" width=\"547\" height=\"365\" srcset=\"https:\/\/notinor.com\/jujuy\/wp-content\/uploads\/2020\/07\/1_anuel_hijo-547x365.jpg 547w, https:\/\/notinor.com\/jujuy\/wp-content\/uploads\/2020\/07\/1_anuel_hijo-719x480.jpg 719w, https:\/\/notinor.com\/jujuy\/wp-content\/uploads\/2020\/07\/1_anuel_hijo-768x513.jpg 768w, https:\/\/notinor.com\/jujuy\/wp-content\/uploads\/2020\/07\/1_anuel_hijo.jpg 900w\" sizes=\"(max-width: 547px) 100vw, 547px\" \/><\/p>\n<p>En la fiesta hubo una persona disfrazada del famoso atuendo del productor musical. Adem\u00e1s, de algunos elementos como los globos y adornos acordes con la tem\u00e1tica que se realiz\u00f3.<\/p>\n","protected":false},"excerpt":{"rendered":"<p>En el mes de junio el hijo de Anuel AA cumplio sus 7 a\u00f1itos, por lo que el cantante celebr\u00f3 este hecho con una reuni\u00f3n muy \u00edntima. El ni\u00f1o, quien es hijo de Astrid Cuevas tambien compartio junto a su mam\u00e1. Por medio de la cuenta de Pablito, sus padres compartieron im\u00e1genes de la celebraci\u00f3n [&hellip;]<\/p>\n","protected":false},"author":1,"featured_media":253032,"comment_status":"open","ping_status":"open","sticky":false,"template":"","format":"standard","meta":{"_stopmodifiedupdate":false,"_modified_date":"","inline_featured_image":false,"spay_email":"","jetpack_publicize_message":""},"categories":[21],"tags":[],"jetpack_featured_media_url":"https:\/\/notinor.com\/jujuy\/wp-content\/uploads\/2020\/07\/1575478508-familia-karol-g-celebro-anuel-aa-su-hijo-pablo-cumpleanos-su-papa.jpg","jetpack_publicize_connections":[],"_links":{"self":[{"href":"https:\/\/notinor.com\/jujuy\/wp-json\/wp\/v2\/posts\/253029"}],"collection":[{"href":"https:\/\/notinor.com\/jujuy\/wp-json\/wp\/v2\/posts"}],"about":[{"href":"https:\/\/notinor.com\/jujuy\/wp-json\/wp\/v2\/types\/post"}],"author":[{"embeddable":true,"href":"https:\/\/notinor.com\/jujuy\/wp-json\/wp\/v2\/users\/1"}],"replies":[{"embeddable":true,"href":"https:\/\/notinor.com\/jujuy\/wp-json\/wp\/v2\/comments?post=253029"}],"version-history":[{"count":1,"href":"https:\/\/notinor.com\/jujuy\/wp-json\/wp\/v2\/posts\/253029\/revisions"}],"predecessor-version":[{"id":253034,"href":"https:\/\/notinor.com\/jujuy\/wp-json\/wp\/v2\/posts\/253029\/revisions\/253034"}],"wp:featuredmedia":[{"embeddable":true,"href":"https:\/\/notinor.com\/jujuy\/wp-json\/wp\/v2\/media\/253032"}],"wp:attachment":[{"href":"https:\/\/notinor.com\/jujuy\/wp-json\/wp\/v2\/media?parent=253029"}],"wp:term":[{"taxonomy":"category","embeddable":true,"href":"https:\/\/notinor.com\/jujuy\/wp-json\/wp\/v2\/categories?post=253029"},{"taxonomy":"post_tag","embeddable":true,"href":"https:\/\/notinor.com\/jujuy\/wp-json\/wp\/v2\/tags?post=253029"}],"curies":[{"name":"wp","href":"https:\/\/api.w.org\/{rel}","templated":true}]}}