{"id":253024,"date":"2020-07-15T20:40:09","date_gmt":"2020-07-15T23:40:09","guid":{"rendered":"https:\/\/notinor.com\/jujuy\/?p=253024"},"modified":"2022-04-28T00:16:14","modified_gmt":"2022-04-28T03:16:14","slug":"angelo-aranda-via-streaming","status":"publish","type":"post","link":"https:\/\/notinor.com\/jujuy\/angelo-aranda-via-streaming\/","title":{"rendered":"Angelo Aranda via streaming"},"content":{"rendered":"<p>Angelo Aranda via streaming<\/p>\n<p>El cantor nacido en Formosa, pero acunado en Jujuy hace m\u00e1s de 12 a\u00f1os prepara un especial recital donde presentar\u00e1 nuevas canciones y har\u00e1 un recorrido por su tradicional repertorio.<\/p>\n<p>La cita ser\u00e1 este este s\u00e1bado 18, a las 21.30hs para Argentina.<\/p>\n<p>20.30hs para los seguidores de Bolivia y Paraguay. Las entradas se encuentran disponibles en Passline.com<\/p>\n<p>\u00c1ngelo se suma a la gran lista de artistas que intentan sostener su agenda a trav\u00e9s de \u201cstreaming\u201d pago.<\/p>\n<p>Por su parte aseguraron que el show virtual ser\u00e1 con los m\u00fasicos que siempre lo acompa\u00f1an, y respetando las medidas sanitarias.<\/p>\n<p>Sobre Angelo Aranda<\/p>\n<p>Angelo Aranda, joven cantor y compositor nacido en Fort\u00edn Lugones, Formosa radicado en Jujuy hace 12 a\u00f1os.<\/p>\n<p>Sus primeros pasos en la m\u00fasica se dieron a temprana edad en actos de la escuela y fiestas del pueblo. En el 2010 grab\u00f3 su primer disco t\u00edtulo \u201cCarita gris\u201d para llegar despu\u00e9s a fundar el grupo Pal Estribo, banda que se consagr\u00f3 en todo el norte Argentino y parte de Bolivia, con la cual edito dos discos.<\/p>\n<p>En el 2019 inicia su carrera solista, edita 7 canciones, la primera \u201cAnduve corriendo un toro\u201d junto al cantor L\u00e1zaro Caballero, luego \u201cMe enamor\u00e9\u201d junto a Jorge Rojas, ambas de autor\u00eda propia y con sus respectivos v\u00eddeos clips con gran cantidad de visitas en su canal de YouTube.<img decoding=\"async\" loading=\"lazy\" class=\"alignnone size-medium wp-image-253025\" src=\"https:\/\/notinor.com\/jujuy\/wp-content\/uploads\/2020\/07\/angelo-365x365.jpg\" alt=\"\" width=\"365\" height=\"365\" srcset=\"https:\/\/notinor.com\/jujuy\/wp-content\/uploads\/2020\/07\/angelo-365x365.jpg 365w, https:\/\/notinor.com\/jujuy\/wp-content\/uploads\/2020\/07\/angelo-480x480.jpg 480w, https:\/\/notinor.com\/jujuy\/wp-content\/uploads\/2020\/07\/angelo-768x768.jpg 768w, https:\/\/notinor.com\/jujuy\/wp-content\/uploads\/2020\/07\/angelo.jpg 800w, https:\/\/notinor.com\/jujuy\/wp-content\/uploads\/2020\/07\/angelo-75x75.jpg 75w\" sizes=\"(max-width: 365px) 100vw, 365px\" \/><img decoding=\"async\" loading=\"lazy\" class=\"alignnone size-medium wp-image-253026\" src=\"https:\/\/notinor.com\/jujuy\/wp-content\/uploads\/2020\/07\/angelo-2-236x365.jpg\" alt=\"\" width=\"236\" height=\"365\" srcset=\"https:\/\/notinor.com\/jujuy\/wp-content\/uploads\/2020\/07\/angelo-2-236x365.jpg 236w, https:\/\/notinor.com\/jujuy\/wp-content\/uploads\/2020\/07\/angelo-2-311x480.jpg 311w, https:\/\/notinor.com\/jujuy\/wp-content\/uploads\/2020\/07\/angelo-2-768x1186.jpg 768w, https:\/\/notinor.com\/jujuy\/wp-content\/uploads\/2020\/07\/angelo-2.jpg 829w\" sizes=\"(max-width: 236px) 100vw, 236px\" \/><\/p>\n","protected":false},"excerpt":{"rendered":"<p>Angelo Aranda via streaming El cantor nacido en Formosa, pero acunado en Jujuy hace m\u00e1s de 12 a\u00f1os prepara un especial recital donde presentar\u00e1 nuevas canciones y har\u00e1 un recorrido por su tradicional repertorio. La cita ser\u00e1 este este s\u00e1bado 18, a las 21.30hs para Argentina. 20.30hs para los seguidores de Bolivia y Paraguay. Las [&hellip;]<\/p>\n","protected":false},"author":1,"featured_media":253025,"comment_status":"open","ping_status":"open","sticky":false,"template":"","format":"standard","meta":{"_stopmodifiedupdate":false,"_modified_date":"","inline_featured_image":false,"spay_email":"","jetpack_publicize_message":""},"categories":[21],"tags":[],"jetpack_featured_media_url":"https:\/\/notinor.com\/jujuy\/wp-content\/uploads\/2020\/07\/angelo.jpg","jetpack_publicize_connections":[],"_links":{"self":[{"href":"https:\/\/notinor.com\/jujuy\/wp-json\/wp\/v2\/posts\/253024"}],"collection":[{"href":"https:\/\/notinor.com\/jujuy\/wp-json\/wp\/v2\/posts"}],"about":[{"href":"https:\/\/notinor.com\/jujuy\/wp-json\/wp\/v2\/types\/post"}],"author":[{"embeddable":true,"href":"https:\/\/notinor.com\/jujuy\/wp-json\/wp\/v2\/users\/1"}],"replies":[{"embeddable":true,"href":"https:\/\/notinor.com\/jujuy\/wp-json\/wp\/v2\/comments?post=253024"}],"version-history":[{"count":2,"href":"https:\/\/notinor.com\/jujuy\/wp-json\/wp\/v2\/posts\/253024\/revisions"}],"predecessor-version":[{"id":253028,"href":"https:\/\/notinor.com\/jujuy\/wp-json\/wp\/v2\/posts\/253024\/revisions\/253028"}],"wp:featuredmedia":[{"embeddable":true,"href":"https:\/\/notinor.com\/jujuy\/wp-json\/wp\/v2\/media\/253025"}],"wp:attachment":[{"href":"https:\/\/notinor.com\/jujuy\/wp-json\/wp\/v2\/media?parent=253024"}],"wp:term":[{"taxonomy":"category","embeddable":true,"href":"https:\/\/notinor.com\/jujuy\/wp-json\/wp\/v2\/categories?post=253024"},{"taxonomy":"post_tag","embeddable":true,"href":"https:\/\/notinor.com\/jujuy\/wp-json\/wp\/v2\/tags?post=253024"}],"curies":[{"name":"wp","href":"https:\/\/api.w.org\/{rel}","templated":true}]}}