{"id":252998,"date":"2020-07-15T19:21:45","date_gmt":"2020-07-15T22:21:45","guid":{"rendered":"https:\/\/notinor.com\/jujuy\/?p=252998"},"modified":"2020-07-15T19:32:51","modified_gmt":"2020-07-15T22:32:51","slug":"conferencia-de-prensa-de-gremios-de-perico","status":"publish","type":"post","link":"https:\/\/notinor.com\/jujuy\/conferencia-de-prensa-de-gremios-de-perico\/","title":{"rendered":"Conferencia de prensa de Gremios de Perico"},"content":{"rendered":"<p>En el d\u00eda de hoy, se reunieron en Conferencia de prensa, representantes de Gremios en Perico.La misma se realiz\u00f3 en la sede de ATE Perico y cont\u00f3 con la presencia de Juan Balderrama de ATE Justino Burgos\u00a0 del SEOM Perico, Estela Figueroa de UPCN, Juan Guti\u00e9rrez de SIJEMPRO y Gladis Yebara del SUMPE.<\/p>\n<p>La Conferencia tuvo por objeto delinear petitorios y acciones para exponer en la reuni\u00f3n de esta tarde, ya que fueron citados por Funcionarios del Municipio para tratar la vuelta al trabajo de los agentes municipales en Cuarentena. En la Conferencia dijo el delegado de ATE Juan Balderrama que solicitar\u00e1 la presencia del Intendente Demarco a dicha reuni\u00f3n para que avale el compromiso asumido por los funcionarios, ya que vamos a plantear bajo que condiciones van a retornar a sus trabajos el personal Municipal que se encuentran en Cuarentena por COVID-19 si est\u00e1n dadas la condiciones de bioseguridad para que puedan volver a la prestaci\u00f3n de sus servicios. Por su parte el Delegado del SIEOM PERICO Justino Burgos dijo hasta ayer nos pareci\u00f3 importante que el Sr. Intendente nos hayan convocado a trabajar, pero hoy lo escuchamos decir que el sesenta por ciento del personal est\u00e1 sin trabajar... Incluso a los Concejales los trato de vagos... pero le digo al Intendente... Dijo Burgos, que para volver necesitamos un instrumento de comunicaci\u00f3n (memor\u00e1ndum) . Para saber bajo que condiciones de seguridad y que Protocolo tienen para cada lugar de trabajo. Me parece que este hombre est\u00e1 equivocado. La funci\u00f3n que cumple el Intendente es muy importante y no es cuesti\u00f3n de andar pele\u00e1ndose con todos..tiene que tomarse un par de d\u00edas.. refrescarse la cabeza y comenzar a hablar. <img decoding=\"async\" loading=\"lazy\" class=\"alignnone size-medium wp-image-253000\" src=\"https:\/\/notinor.com\/jujuy\/wp-content\/uploads\/2020\/07\/perico-1-417x365.jpg\" alt=\"\" width=\"417\" height=\"365\" srcset=\"https:\/\/notinor.com\/jujuy\/wp-content\/uploads\/2020\/07\/perico-1-417x365.jpg 417w, https:\/\/notinor.com\/jujuy\/wp-content\/uploads\/2020\/07\/perico-1-548x480.jpg 548w, https:\/\/notinor.com\/jujuy\/wp-content\/uploads\/2020\/07\/perico-1-768x673.jpg 768w, https:\/\/notinor.com\/jujuy\/wp-content\/uploads\/2020\/07\/perico-1.jpg 897w\" sizes=\"(max-width: 417px) 100vw, 417px\" \/><img decoding=\"async\" loading=\"lazy\" class=\"alignnone size-medium wp-image-253001\" src=\"https:\/\/notinor.com\/jujuy\/wp-content\/uploads\/2020\/07\/perico-2-660x353.jpg\" alt=\"\" width=\"660\" height=\"353\" srcset=\"https:\/\/notinor.com\/jujuy\/wp-content\/uploads\/2020\/07\/perico-2-660x353.jpg 660w, https:\/\/notinor.com\/jujuy\/wp-content\/uploads\/2020\/07\/perico-2-840x449.jpg 840w, https:\/\/notinor.com\/jujuy\/wp-content\/uploads\/2020\/07\/perico-2-768x410.jpg 768w, https:\/\/notinor.com\/jujuy\/wp-content\/uploads\/2020\/07\/perico-2.jpg 1243w\" sizes=\"(max-width: 660px) 100vw, 660px\" \/>\u00a0 \u00a0 \u00a0 \u00a0 \u00a0 \u00a0 \u00a0 \u00a0 \u00a0 Se estan manejando los destinos de un Pueblo, tiene que hablar con propiedad, cuando se pide ayuda hay que ser humildes y abuenarse con todos. Yo le sugiero que tiene que ver un m\u00e9dico y hacerse atender. Finalizo diciendo Justino Burgos del SIEOM PERICO.<\/p>\n","protected":false},"excerpt":{"rendered":"<p>En el d\u00eda de hoy, se reunieron en Conferencia de prensa, representantes de Gremios en Perico.La misma se realiz\u00f3 en la sede de ATE Perico y cont\u00f3 con la presencia de Juan Balderrama de ATE Justino Burgos\u00a0 del SEOM Perico, Estela Figueroa de UPCN, Juan Guti\u00e9rrez de SIJEMPRO y Gladis Yebara del SUMPE. La Conferencia [&hellip;]<\/p>\n","protected":false},"author":1,"featured_media":253001,"comment_status":"open","ping_status":"open","sticky":false,"template":"","format":"standard","meta":{"_stopmodifiedupdate":false,"_modified_date":"","inline_featured_image":false,"spay_email":"","jetpack_publicize_message":""},"categories":[4],"tags":[],"jetpack_featured_media_url":"https:\/\/notinor.com\/jujuy\/wp-content\/uploads\/2020\/07\/perico-2.jpg","jetpack_publicize_connections":[],"_links":{"self":[{"href":"https:\/\/notinor.com\/jujuy\/wp-json\/wp\/v2\/posts\/252998"}],"collection":[{"href":"https:\/\/notinor.com\/jujuy\/wp-json\/wp\/v2\/posts"}],"about":[{"href":"https:\/\/notinor.com\/jujuy\/wp-json\/wp\/v2\/types\/post"}],"author":[{"embeddable":true,"href":"https:\/\/notinor.com\/jujuy\/wp-json\/wp\/v2\/users\/1"}],"replies":[{"embeddable":true,"href":"https:\/\/notinor.com\/jujuy\/wp-json\/wp\/v2\/comments?post=252998"}],"version-history":[{"count":4,"href":"https:\/\/notinor.com\/jujuy\/wp-json\/wp\/v2\/posts\/252998\/revisions"}],"predecessor-version":[{"id":253007,"href":"https:\/\/notinor.com\/jujuy\/wp-json\/wp\/v2\/posts\/252998\/revisions\/253007"}],"wp:featuredmedia":[{"embeddable":true,"href":"https:\/\/notinor.com\/jujuy\/wp-json\/wp\/v2\/media\/253001"}],"wp:attachment":[{"href":"https:\/\/notinor.com\/jujuy\/wp-json\/wp\/v2\/media?parent=252998"}],"wp:term":[{"taxonomy":"category","embeddable":true,"href":"https:\/\/notinor.com\/jujuy\/wp-json\/wp\/v2\/categories?post=252998"},{"taxonomy":"post_tag","embeddable":true,"href":"https:\/\/notinor.com\/jujuy\/wp-json\/wp\/v2\/tags?post=252998"}],"curies":[{"name":"wp","href":"https:\/\/api.w.org\/{rel}","templated":true}]}}