{"id":252995,"date":"2020-07-15T19:31:35","date_gmt":"2020-07-15T22:31:35","guid":{"rendered":"https:\/\/notinor.com\/jujuy\/?p=252995"},"modified":"2020-07-15T20:48:10","modified_gmt":"2020-07-15T23:48:10","slug":"la-otra-cara-de-la-emergencia-sanitaria-y-epidemiologica-el-dengue","status":"publish","type":"post","link":"https:\/\/notinor.com\/jujuy\/la-otra-cara-de-la-emergencia-sanitaria-y-epidemiologica-el-dengue\/","title":{"rendered":"La otra cara de la emergencia sanitaria y epidemiol\u00f3gica: el dengue"},"content":{"rendered":"<p><img decoding=\"async\" loading=\"lazy\" class=\"alignnone size-medium wp-image-252996\" src=\"https:\/\/notinor.com\/jujuy\/wp-content\/uploads\/2020\/07\/5a4e31fa1ec6d_1004x565-649x365.jpg\" alt=\"\" width=\"649\" height=\"365\" srcset=\"https:\/\/notinor.com\/jujuy\/wp-content\/uploads\/2020\/07\/5a4e31fa1ec6d_1004x565-649x365.jpg 649w, https:\/\/notinor.com\/jujuy\/wp-content\/uploads\/2020\/07\/5a4e31fa1ec6d_1004x565-840x473.jpg 840w, https:\/\/notinor.com\/jujuy\/wp-content\/uploads\/2020\/07\/5a4e31fa1ec6d_1004x565-500x280.jpg 500w, https:\/\/notinor.com\/jujuy\/wp-content\/uploads\/2020\/07\/5a4e31fa1ec6d_1004x565-768x432.jpg 768w, https:\/\/notinor.com\/jujuy\/wp-content\/uploads\/2020\/07\/5a4e31fa1ec6d_1004x565.jpg 1004w\" sizes=\"(max-width: 649px) 100vw, 649px\" \/><\/p>\n<article id=\"article-post\" class=\"first\">\n<div class=\"cuerpo\" data-twitter-link=\"https:\/\/twitter.com\/intent\/tweet?url=https:\/\/www.todojujuy.com\/\/c136584&amp;via=diarioTodoJujuy&amp;related=Todo Jujuy&amp;text=\">\n<p>La otra cara de la crisis epidemiol\u00f3gica y sanitaria: Argentina lleg\u00f3 a los 54.870 casos confirmados de dengue seg\u00fan inform\u00f3 el Ministerio de Salud en su bolet\u00edn oficial. Jujuy es una de las provincias con mayor indice de infectados.<\/p>\n<p>Estos n\u00fameros corresponden a la semana epidemiol\u00f3gica 31 del 2019 hasta la semana 25 del 2020 y a\u00fan hay 1.418 casos que se encuentran a\u00fan en investigaci\u00f3n.<\/p>\n<\/div>\n<\/article>\n<article id=\"article-post\">\n<div class=\"cuerpo\" data-twitter-link=\"https:\/\/twitter.com\/intent\/tweet?url=https:\/\/www.todojujuy.com\/\/c136584&amp;via=diarioTodoJujuy&amp;related=Todo Jujuy&amp;text=\">\n<p>Es un registro r\u00e9cord para el pa\u00eds, tan solo este a\u00f1o se registraron 55.244 casos y se super\u00f3 la cifra del 2016 en el que se contabilizaron 40.797 y era considerado el mayor n\u00famero de infectados en la historia.<\/p>\n<p>Nuestra provincia registra la mayor incidencia acumulada del per\u00edodo con 644.5 casos por cada 100 mil habitantes. Con estad\u00edsticas menores le siguen: Salta, Misiones y Tucum\u00e1n con tasas de 497,0; 476,9 y 451,0 respectivamente.<\/p>\n<p>En las zonas del Ramal y las Yungas, el Ministerio de Salud de Jujuy declar\u00f3 la emergencia sanitaria, por ser los sectores con mayores contagios y casos aut\u00f3ctonos.<\/p>\n<h1><strong>\u00bfQu\u00e9 es?<\/strong><\/h1>\n<p>Es una enfermedad infecciosa causada por el virus del dengue y transmitida por las hembras del mosquito Aedes aegypti. El dengue se transmite cuando el mosquito se alimenta con sangre de una persona con dengue y luego pica a otras personas.<\/p>\n<h1><strong>\u00bfC\u00f3mo se transmite?<\/strong><\/h1>\n<p>La transmisi\u00f3n se produce a trav\u00e9s de la picadura de las hembras de mosquitos Aedes aegypti infectados, nunca de persona a persona. Despu\u00e9s de un periodo de incubaci\u00f3n del virus en el mosquito que dura entre 4 y 10 d\u00edas, \u00e9ste puede transmitirlo durante toda la vida.<br \/>\nEl mosquito Aedes aegypti vive en h\u00e1bitats urbanos, se reproduce principalmente en recipientes artificiales y se alimenta durante el d\u00eda. Por eso, las picaduras aumentan en la ma\u00f1ana y el atardecer, en el que pica a m\u00e1s de una persona.<br \/>\nAunque no sucede con frecuencia, las mujeres embarazadas tambi\u00e9n pueden transmitir el dengue a su beb\u00e9 durante el embarazo.<\/p>\n<h1><strong>\u00bfC\u00f3mo se detecta?<\/strong><\/h1>\n<p>Una persona con dengue presenta fiebre elevada (40 \u00b0C), acompa\u00f1ado por dos de los siguientes s\u00edntomas: dolor de cabeza muy intenso, dolor detr\u00e1s de los ojos, dolores musculares y articulares, n\u00e1useas y v\u00f3mitos, sangrado de nariz y enc\u00edas, agrandamiento de ganglios linf\u00e1ticos o erupci\u00f3n en la piel.<\/p>\n<h1><strong>\u00bfC\u00f3mo se trata?<\/strong><\/h1>\n<p>No existe un tratamiento espec\u00edfico para el dengue. Si se presentan s\u00edntomas de dengue, es importante acercarse a un centro de salud, no automedicarse con aspirinas ni ibuprofeno y mantener el volumen de los l\u00edquidos corporales.<\/p>\n<h1><strong>\u00bfC\u00f3mo se previene?<\/strong><\/h1>\n<p><img decoding=\"async\" src=\"https:\/\/i.pinimg.com\/originals\/4e\/15\/ce\/4e15ce43e443bb3d637795c85e4103a0.jpg\" alt=\"Pin en EL DENGUE MATA #ElDengueMata\" \/><\/p>\n<div id=\"262690-Libre-1701464916_wrap\" class=\"embed_cont type_imagen\" contenteditable=\"false\"><\/div>\n<\/div>\n<\/article>\n","protected":false},"excerpt":{"rendered":"<p>La otra cara de la crisis epidemiol\u00f3gica y sanitaria: Argentina lleg\u00f3 a los 54.870 casos confirmados de dengue seg\u00fan inform\u00f3 el Ministerio de Salud en su bolet\u00edn oficial. Jujuy es una de las provincias con mayor indice de infectados. Estos n\u00fameros corresponden a la semana epidemiol\u00f3gica 31 del 2019 hasta la semana 25 del 2020 [&hellip;]<\/p>\n","protected":false},"author":37,"featured_media":252996,"comment_status":"open","ping_status":"open","sticky":false,"template":"","format":"standard","meta":{"_stopmodifiedupdate":false,"_modified_date":"","inline_featured_image":false,"spay_email":"","jetpack_publicize_message":""},"categories":[2],"tags":[],"jetpack_featured_media_url":"https:\/\/notinor.com\/jujuy\/wp-content\/uploads\/2020\/07\/5a4e31fa1ec6d_1004x565.jpg","jetpack_publicize_connections":[],"_links":{"self":[{"href":"https:\/\/notinor.com\/jujuy\/wp-json\/wp\/v2\/posts\/252995"}],"collection":[{"href":"https:\/\/notinor.com\/jujuy\/wp-json\/wp\/v2\/posts"}],"about":[{"href":"https:\/\/notinor.com\/jujuy\/wp-json\/wp\/v2\/types\/post"}],"author":[{"embeddable":true,"href":"https:\/\/notinor.com\/jujuy\/wp-json\/wp\/v2\/users\/37"}],"replies":[{"embeddable":true,"href":"https:\/\/notinor.com\/jujuy\/wp-json\/wp\/v2\/comments?post=252995"}],"version-history":[{"count":2,"href":"https:\/\/notinor.com\/jujuy\/wp-json\/wp\/v2\/posts\/252995\/revisions"}],"predecessor-version":[{"id":253030,"href":"https:\/\/notinor.com\/jujuy\/wp-json\/wp\/v2\/posts\/252995\/revisions\/253030"}],"wp:featuredmedia":[{"embeddable":true,"href":"https:\/\/notinor.com\/jujuy\/wp-json\/wp\/v2\/media\/252996"}],"wp:attachment":[{"href":"https:\/\/notinor.com\/jujuy\/wp-json\/wp\/v2\/media?parent=252995"}],"wp:term":[{"taxonomy":"category","embeddable":true,"href":"https:\/\/notinor.com\/jujuy\/wp-json\/wp\/v2\/categories?post=252995"},{"taxonomy":"post_tag","embeddable":true,"href":"https:\/\/notinor.com\/jujuy\/wp-json\/wp\/v2\/tags?post=252995"}],"curies":[{"name":"wp","href":"https:\/\/api.w.org\/{rel}","templated":true}]}}