{"id":25116,"date":"2015-04-29T00:58:06","date_gmt":"2015-04-29T03:58:06","guid":{"rendered":"http:\/\/notinor.com\/jujuy\/?p=25116"},"modified":"2015-04-29T00:58:06","modified_gmt":"2015-04-29T03:58:06","slug":"concejales-capitalinos-de-la-ucr-recorrieron-las-calles-del-milagro-b1-en-alto-comedero","status":"publish","type":"post","link":"https:\/\/notinor.com\/jujuy\/concejales-capitalinos-de-la-ucr-recorrieron-las-calles-del-milagro-b1-en-alto-comedero\/","title":{"rendered":"Concejales capitalinos de la UCR recorrieron las calles del Milagro \u201cB1\u201d en Alto Comedero"},"content":{"rendered":"<p>Los Concejales capitalinos de la UCR,\u00a0 Jos\u00e9 Lu\u00eds S\u00e1nchez y Juan Brajcich, mantuvieron una reuni\u00f3n con vecinos y dirigentes vecinales de barrio El Milagro del sector B1\u201den Alto Comedero, a fin de recorrer las distintas calles del sector y tomar conocimiento acerca de las distintas necesidades que se requieren en el lugar.<\/p>\n<p>El encuentro se llev\u00f3 a cabo \u00a0entre las calles Lapacho esquina Marina Vilte, el pasado lunes, all\u00ed los vecinos y dirigentes vecinales plantearon la necesidad de enripiar las calles; como as\u00ed tambi\u00e9n exigieron la urgente construcci\u00f3n y ampliaci\u00f3n de las obras de desag\u00fces pluviales que encauce la gran cantidad de agua en esta temporada de lluvias, situaci\u00f3n que provoca la destrucci\u00f3n y el deterioro permanente de las calles de la zona.<\/p>\n<p>Al respecto, el concejal Sanchez, presidente del Bloque de la Uni\u00f3n C\u00edvica Radical expres\u00f3 que \u201clos vecinos manifestaron su preocupaci\u00f3n por la formaci\u00f3n de lagunas de l\u00edquidos cloacales, la falta de mantenimiento de Tapas de registro por d\u00f3nde se filtran los l\u00edquidos que da lugar a la acumulaci\u00f3n continua de fluidos, produciendo olores nauseabundos que generan una gran contaminaci\u00f3n ambiental y que produce en los vecinos hasta graves enfermedades, particularmente en los ni\u00f1os que se encuentran en un total estado de indefensi\u00f3n\u201d.<\/p>\n<p>Asimismo, los Ediles coincidieron en expresar que gestionar\u00e1n ante la Municipalidad capitalina por la reparaci\u00f3n de los tramos m\u00e1s afectados y que arbitrar\u00e1n los medios que correspondan, ante la Superintendencia de Servicios P\u00fablicos (SUSEPU) por la falta de control de las redes de agua potable por parte de la empresa de Agua de los Andes, responsable de transportar la provisi\u00f3n de \u201cAgua Potable\u201d en toda la Provincia de Jujuy.<\/p>\n<p><a href=\"http:\/\/notinor.com\/jujuy\/wp-content\/uploads\/2015\/04\/Concejales-S\u00e1nchez-Brajcich-y-vecinos-recorren-lugares-afectados.jpg\"><img decoding=\"async\" loading=\"lazy\" class=\"alignnone size-full wp-image-25117\" src=\"http:\/\/notinor.com\/jujuy\/wp-content\/uploads\/2015\/04\/Concejales-S\u00e1nchez-Brajcich-y-vecinos-recorren-lugares-afectados.jpg\" alt=\"Concejales S\u00e1nchez, Brajcich y vecinos recorren lugares afectados\" width=\"960\" height=\"720\" srcset=\"https:\/\/notinor.com\/jujuy\/wp-content\/uploads\/2015\/04\/Concejales-S\u00e1nchez-Brajcich-y-vecinos-recorren-lugares-afectados.jpg 960w, https:\/\/notinor.com\/jujuy\/wp-content\/uploads\/2015\/04\/Concejales-S\u00e1nchez-Brajcich-y-vecinos-recorren-lugares-afectados-300x225.jpg 300w\" sizes=\"(max-width: 960px) 100vw, 960px\" \/><\/a><\/p>\n","protected":false},"excerpt":{"rendered":"<p>Los Concejales capitalinos de la UCR,\u00a0 Jos\u00e9 Lu\u00eds S\u00e1nchez y Juan Brajcich, mantuvieron una reuni\u00f3n con vecinos y dirigentes vecinales de barrio El Milagro del sector B1\u201den Alto Comedero, a fin de recorrer las distintas calles del sector y tomar conocimiento acerca de las distintas necesidades que se requieren en el lugar. El encuentro se [&hellip;]<\/p>\n","protected":false},"author":1,"featured_media":25117,"comment_status":"open","ping_status":"open","sticky":false,"template":"","format":"standard","meta":{"_stopmodifiedupdate":false,"_modified_date":"","inline_featured_image":false,"spay_email":"","jetpack_publicize_message":""},"categories":[2],"tags":[],"jetpack_featured_media_url":"https:\/\/notinor.com\/jujuy\/wp-content\/uploads\/2015\/04\/Concejales-S\u00e1nchez-Brajcich-y-vecinos-recorren-lugares-afectados.jpg","jetpack_publicize_connections":[],"_links":{"self":[{"href":"https:\/\/notinor.com\/jujuy\/wp-json\/wp\/v2\/posts\/25116"}],"collection":[{"href":"https:\/\/notinor.com\/jujuy\/wp-json\/wp\/v2\/posts"}],"about":[{"href":"https:\/\/notinor.com\/jujuy\/wp-json\/wp\/v2\/types\/post"}],"author":[{"embeddable":true,"href":"https:\/\/notinor.com\/jujuy\/wp-json\/wp\/v2\/users\/1"}],"replies":[{"embeddable":true,"href":"https:\/\/notinor.com\/jujuy\/wp-json\/wp\/v2\/comments?post=25116"}],"version-history":[{"count":1,"href":"https:\/\/notinor.com\/jujuy\/wp-json\/wp\/v2\/posts\/25116\/revisions"}],"predecessor-version":[{"id":25118,"href":"https:\/\/notinor.com\/jujuy\/wp-json\/wp\/v2\/posts\/25116\/revisions\/25118"}],"wp:featuredmedia":[{"embeddable":true,"href":"https:\/\/notinor.com\/jujuy\/wp-json\/wp\/v2\/media\/25117"}],"wp:attachment":[{"href":"https:\/\/notinor.com\/jujuy\/wp-json\/wp\/v2\/media?parent=25116"}],"wp:term":[{"taxonomy":"category","embeddable":true,"href":"https:\/\/notinor.com\/jujuy\/wp-json\/wp\/v2\/categories?post=25116"},{"taxonomy":"post_tag","embeddable":true,"href":"https:\/\/notinor.com\/jujuy\/wp-json\/wp\/v2\/tags?post=25116"}],"curies":[{"name":"wp","href":"https:\/\/api.w.org\/{rel}","templated":true}]}}