{"id":25110,"date":"2015-04-29T00:54:40","date_gmt":"2015-04-29T03:54:40","guid":{"rendered":"http:\/\/notinor.com\/jujuy\/?p=25110"},"modified":"2015-04-29T00:54:40","modified_gmt":"2015-04-29T03:54:40","slug":"el-gobierno-insiste-en-que-la-inflacion-se-ajustara-al-presupuesto-y-no-superara-el-20","status":"publish","type":"post","link":"https:\/\/notinor.com\/jujuy\/el-gobierno-insiste-en-que-la-inflacion-se-ajustara-al-presupuesto-y-no-superara-el-20\/","title":{"rendered":"El Gobierno insiste en que la inflaci\u00f3n se ajustar\u00e1 al Presupuesto y no superar\u00e1 el 20%"},"content":{"rendered":"<p>El secretario de Comercio, Augusto Costa, asegur\u00f3 este martes que la inflaci\u00f3n de este a\u00f1o \"no deber\u00eda\" llegar al 20%, para ubicarse en torno \"al 16% o un par de puntos m\u00e1s\".<\/p>\n<p>\"La inflaci\u00f3n en 2015 estar\u00e1 alrededor de lo que dice el Presupuesto, o un par de puntos m\u00e1s. Lo que est\u00e1 presupuestado es de 15,6% \u00f3 16%\", estim\u00f3 el funcionario. Estos porcentajes representan casi la mitad de la inflaci\u00f3n que miden estudios privados y organismos estad\u00edsticos provinciales, en torno a 30% anual, seg\u00fan refleja el \"\u00edndice Congreso\".<\/p>\n<p>En declaraciones a la TV P\u00fablica, Costa asegur\u00f3 que, a su criterio, \"la inflaci\u00f3n es una de las variables que vienen en un paquete que tiene como objetivo que la econom\u00eda beneficie a la mayor\u00eda de los argentinos. Y eso es un inter\u00e9s pol\u00edtico\".<\/p>\n<p>\"Por eso, este Gobierno no tiene metas de inflaci\u00f3n. Pero hace un mont\u00f3n de esfuerzos para dar a la senda de precios una direcci\u00f3n consistente con los objetivos generales de la pol\u00edtica\", resalt\u00f3.<\/p>\n<p>Sostuvo que la inflaci\u00f3n \"tiene m\u00faltiples determinantes y el que se\u00f1ala que es uno solo, est\u00e1 traficando pol\u00edticas de ajuste que afectar\u00e1n el bienestar de la mayor\u00eda de los argentinos\".<\/p>\n<p>\"Los que tratan de se\u00f1alar con el dedo una \u00fanica causa que proviene de impulsar el consumo, de emitir, del d\u00e9ficit fiscal, de que los trabajadores reclaman, cualquier factor \u00fanico es porque buscan recetas de ajuste\", sostuvo.<\/p>\n<p>Agreg\u00f3 que esas pol\u00edticas \"son las que nos llevaron a la rueda de la desgracia, el ajuste, pisar los salarios, para concluir en una apertura de la econom\u00eda que afecta el empleo\".<\/p>\n<p>Explic\u00f3 que \"la rueda de la desgracia es de desgracia para la mayor\u00eda y para pocos una fiesta porque se benefician, que son el sector financiero, de grandes exportadores y de poderes concentrados que son los que acusan al Gobierno\".<\/p>\n<p>Por otra parte, Costa destac\u00f3 que el consumo \"tiene un rol central en cualquier esquema de pol\u00edtica econ\u00f3mica, y m\u00e1s a\u00fan con la situaci\u00f3n externa actual. Entonces, es falso lo que nos quieren hacer creer de que con un ajuste vamos a estar todos mejor\".<\/p>\n<p>\"Alentando el consumo, tenemos la posibilidad, en un mundo en crisis, sostener un proceso de crecimiento\" en la Argentina\", enfatiz\u00f3.<\/p>\n","protected":false},"excerpt":{"rendered":"<p>El secretario de Comercio, Augusto Costa, asegur\u00f3 este martes que la inflaci\u00f3n de este a\u00f1o \"no deber\u00eda\" llegar al 20%, para ubicarse en torno \"al 16% o un par de puntos m\u00e1s\". \"La inflaci\u00f3n en 2015 estar\u00e1 alrededor de lo que dice el Presupuesto, o un par de puntos m\u00e1s. Lo que est\u00e1 presupuestado es [&hellip;]<\/p>\n","protected":false},"author":1,"featured_media":25111,"comment_status":"open","ping_status":"open","sticky":false,"template":"","format":"standard","meta":{"_stopmodifiedupdate":false,"_modified_date":"","inline_featured_image":false,"spay_email":"","jetpack_publicize_message":""},"categories":[5],"tags":[],"jetpack_featured_media_url":"https:\/\/notinor.com\/jujuy\/wp-content\/uploads\/2015\/04\/augusto-costa.jpg","jetpack_publicize_connections":[],"_links":{"self":[{"href":"https:\/\/notinor.com\/jujuy\/wp-json\/wp\/v2\/posts\/25110"}],"collection":[{"href":"https:\/\/notinor.com\/jujuy\/wp-json\/wp\/v2\/posts"}],"about":[{"href":"https:\/\/notinor.com\/jujuy\/wp-json\/wp\/v2\/types\/post"}],"author":[{"embeddable":true,"href":"https:\/\/notinor.com\/jujuy\/wp-json\/wp\/v2\/users\/1"}],"replies":[{"embeddable":true,"href":"https:\/\/notinor.com\/jujuy\/wp-json\/wp\/v2\/comments?post=25110"}],"version-history":[{"count":1,"href":"https:\/\/notinor.com\/jujuy\/wp-json\/wp\/v2\/posts\/25110\/revisions"}],"predecessor-version":[{"id":25112,"href":"https:\/\/notinor.com\/jujuy\/wp-json\/wp\/v2\/posts\/25110\/revisions\/25112"}],"wp:featuredmedia":[{"embeddable":true,"href":"https:\/\/notinor.com\/jujuy\/wp-json\/wp\/v2\/media\/25111"}],"wp:attachment":[{"href":"https:\/\/notinor.com\/jujuy\/wp-json\/wp\/v2\/media?parent=25110"}],"wp:term":[{"taxonomy":"category","embeddable":true,"href":"https:\/\/notinor.com\/jujuy\/wp-json\/wp\/v2\/categories?post=25110"},{"taxonomy":"post_tag","embeddable":true,"href":"https:\/\/notinor.com\/jujuy\/wp-json\/wp\/v2\/tags?post=25110"}],"curies":[{"name":"wp","href":"https:\/\/api.w.org\/{rel}","templated":true}]}}