{"id":25102,"date":"2015-04-29T00:51:46","date_gmt":"2015-04-29T03:51:46","guid":{"rendered":"http:\/\/notinor.com\/jujuy\/?p=25102"},"modified":"2015-04-29T00:51:46","modified_gmt":"2015-04-29T03:51:46","slug":"encaminado-hacia-la-concrecion-del-parque-del-bicentenario","status":"publish","type":"post","link":"https:\/\/notinor.com\/jujuy\/encaminado-hacia-la-concrecion-del-parque-del-bicentenario\/","title":{"rendered":"Encaminado hacia la concreci\u00f3n del \u201cParque del Bicentenario\u201d"},"content":{"rendered":"<p>Se ubicar\u00e1 en Barrio 18 de Noviembre de esta ciudad, tras la licitaci\u00f3n correspondiente se adjudic\u00f3 a la \u201cEmpresa Villanueva\u201d la construcci\u00f3n de esta obra que ser\u00e1 emblem\u00e1tica para los juje\u00f1os.<\/p>\n<p>El Sal\u00f3n de los Intendentes fue el marco para la firma del instrumento legal mediante el cual el Mandatario Comunal Arq. Ra\u00fal Jorge, junto al Secretario de Coordinaci\u00f3n de Gabinete, Dr. Ekel Meyer y el representante de la \u201cEmpresa Villanueva\u201d Ing. Carlos Villanueva, mediante el cual ejecutar\u00e1 la obra de referencia.<\/p>\n<p>Consustanciado con este importante proyecto para la ciudad, el Jefe de Gobierno de la Ciudad, Arq. Ra\u00fal Jorge brind\u00f3 apreciaciones al respecto \u201cse trata de cuatro m\u00f3dulos, con un gran consenso vecinal en el desarrollo de este emprendimiento, es el Parque del Bicentenario, una obra so\u00f1ada, pensada, que la trabajamos en audiencias p\u00fablicas, con distintas organizaciones y colegios de profesionales\u201d.<\/p>\n<p>Siguiendo esta l\u00ednea de acci\u00f3n el Mandatario Comunal aclar\u00f3 \u201centendimos que hab\u00eda que hacer un gran esfuerzo por elegir el lugar, para no equivocarnos d\u00f3nde deber\u00eda ser, recordemos el Bicentenario del \u00c9xodo Juje\u00f1o, donde se llevaron a cabo distintos actos y deliberamos que hab\u00eda que festejarlo de otra forma\u201d.<\/p>\n<p>Un proyecto de arquitectura<\/p>\n<p>\u201cAh\u00ed no concluye una epopeya que se recordaba todos los a\u00f1os, sino que era momento de desarrollar un proyecto de arquitectura, con muchos participantes como el Colegio de Arquitectos, EPAM III entre otros, consensuar finalmente la ubicaci\u00f3n de distintos edificios que tienen que ver con mejorar todo el entorno del barrio\u201d.<\/p>\n<p>A su vez se trabajar\u00e1 con el pavimento de la calle Cabildo, integraci\u00f3n total de aquel hermoso espacio que est\u00e1 muy vinculado a la Multitrocha, \u201cva a permitir que cualquier visitante que pase por esta ruta, hacia la Quebrada de Humahuaca, pueda entender que pasa algo importante\u201d.<\/p>\n<p>\u201cCon testimonios en el museo, en la Sala de Usos M\u00faltiples, en los vestuarios y ba\u00f1os que se dispondr\u00e1n para la parte deportiva, el sector de los salones culturales, entre otros, conformar\u00e1 una edificaci\u00f3n que va a impactar positivamente en todo el entorno del barrio, con lo cual creo que no solo ganar\u00e1n los que est\u00e1n pr\u00f3ximos a este lugar, sino toda la ciudad\u201d.<\/p>\n<p>En este plano agreg\u00f3 \u201ctambi\u00e9n habr\u00e1 un mirador de ubicaci\u00f3n estrat\u00e9gica, para observar a San Salvador de Jujuy. En definitiva estamos muy conformes con el inicio de la ejecuci\u00f3n y lo podr\u00e1n palpar todos los vecinos del sector\u201d.<\/p>\n","protected":false},"excerpt":{"rendered":"<p>Se ubicar\u00e1 en Barrio 18 de Noviembre de esta ciudad, tras la licitaci\u00f3n correspondiente se adjudic\u00f3 a la \u201cEmpresa Villanueva\u201d la construcci\u00f3n de esta obra que ser\u00e1 emblem\u00e1tica para los juje\u00f1os. El Sal\u00f3n de los Intendentes fue el marco para la firma del instrumento legal mediante el cual el Mandatario Comunal Arq. Ra\u00fal Jorge, junto [&hellip;]<\/p>\n","protected":false},"author":1,"featured_media":25106,"comment_status":"open","ping_status":"open","sticky":false,"template":"","format":"standard","meta":{"_stopmodifiedupdate":false,"_modified_date":"","inline_featured_image":false,"spay_email":"","jetpack_publicize_message":""},"categories":[2],"tags":[],"jetpack_featured_media_url":"https:\/\/notinor.com\/jujuy\/wp-content\/uploads\/2015\/04\/firma-convenio-parque-bicentenario.jpg","jetpack_publicize_connections":[],"_links":{"self":[{"href":"https:\/\/notinor.com\/jujuy\/wp-json\/wp\/v2\/posts\/25102"}],"collection":[{"href":"https:\/\/notinor.com\/jujuy\/wp-json\/wp\/v2\/posts"}],"about":[{"href":"https:\/\/notinor.com\/jujuy\/wp-json\/wp\/v2\/types\/post"}],"author":[{"embeddable":true,"href":"https:\/\/notinor.com\/jujuy\/wp-json\/wp\/v2\/users\/1"}],"replies":[{"embeddable":true,"href":"https:\/\/notinor.com\/jujuy\/wp-json\/wp\/v2\/comments?post=25102"}],"version-history":[{"count":1,"href":"https:\/\/notinor.com\/jujuy\/wp-json\/wp\/v2\/posts\/25102\/revisions"}],"predecessor-version":[{"id":25107,"href":"https:\/\/notinor.com\/jujuy\/wp-json\/wp\/v2\/posts\/25102\/revisions\/25107"}],"wp:featuredmedia":[{"embeddable":true,"href":"https:\/\/notinor.com\/jujuy\/wp-json\/wp\/v2\/media\/25106"}],"wp:attachment":[{"href":"https:\/\/notinor.com\/jujuy\/wp-json\/wp\/v2\/media?parent=25102"}],"wp:term":[{"taxonomy":"category","embeddable":true,"href":"https:\/\/notinor.com\/jujuy\/wp-json\/wp\/v2\/categories?post=25102"},{"taxonomy":"post_tag","embeddable":true,"href":"https:\/\/notinor.com\/jujuy\/wp-json\/wp\/v2\/tags?post=25102"}],"curies":[{"name":"wp","href":"https:\/\/api.w.org\/{rel}","templated":true}]}}