{"id":25099,"date":"2015-04-29T00:49:54","date_gmt":"2015-04-29T03:49:54","guid":{"rendered":"http:\/\/notinor.com\/jujuy\/?p=25099"},"modified":"2015-04-29T00:49:54","modified_gmt":"2015-04-29T03:49:54","slug":"con-fuertes-criticas-timerman-renuncio-por-carta-a-la-amia-y-la-daia","status":"publish","type":"post","link":"https:\/\/notinor.com\/jujuy\/con-fuertes-criticas-timerman-renuncio-por-carta-a-la-amia-y-la-daia\/","title":{"rendered":"Con fuertes cr\u00edticas, Timerman renunci\u00f3 por carta a la AMIA y la DAIA"},"content":{"rendered":"<p>El canciller H\u00e9ctor Timerman present\u00f3 su renuncia \u201cindeclinable\u201d como socio a la Asociaci\u00f3n Mutual Israelita Argentina (AMIA) a trav\u00e9s de una carta al presidente de la entidad, Leonardo Jmenitzky, que hizo llegar el propio ministro a los medios, incluyendo a Clar\u00edn.<\/p>\n<p>En la dura misiva tambi\u00e9n pide que por esa renuncia tampoco la Delegaci\u00f3n de Asociaciones Israelitas Argentinas (DAIA) utilice su nombre.\u201cMotiva tal decisi\u00f3n la certeza tal decisi\u00f3n la certeza de que ambas instituciones con su accionar obstruccionista contin\u00faan impidiendo el avance en la investigaci\u00f3n del criminal atentado terrorista ocurrido el 18 de julio de 1994, a la vez que alimentan, tal vez sin desearlo, campa\u00f1as de quienes pretenden usar dicha tragedia para fines contrarios a los intereses nacionales.<\/p>\n<p>Tanto pol\u00edticos como econ\u00f3micos y sociales\u201d.En un primer momento, Jmenitzky dijo a la Agencia Jud\u00eda de Noticias que \u201cno\u201d hab\u00edan recibido ninguna carta, por lo que se deduce que el canciller decidi\u00f3 primero comunicar su renuncia a trav\u00e9s de los medios. M\u00e1s tarde, entr\u00f3 formalmente la carta a la AMIA.Vale recordar que Timerman renuncia ahora despu\u00e9s de la campa\u00f1a que otras instituciones de la colectividad jud\u00eda, como Plural Jai iniciaron para que fuera excluido de la AMIA, luego de la conformaci\u00f3n de un \u201cTribunal Etico\u201d en su contra, por las actitudes del canciller en las negociaciones con Ir\u00e1n que derivaron en la firma del pacto.<\/p>\n<p>Timerman est\u00e1 incluido en la denuncia del fallecido Alberto Nisman contra la presidente Cristina Kirchner y otros dirigentes por el presunto acto de encubrimiento.Su renuncia se produce tambi\u00e9n en el marco de la batalla que otros miembros de la colectividad jud\u00eda con simpat\u00eda kirchnerista est\u00e1n realizando para tumbar a la DAIA como principal brazo pol\u00edtico de las instituciones jud\u00edas.<\/p>\n<p>La familia Timerman form\u00f3 parte de la \u00e9lite de la colectividad jud\u00eda.La misiva renuncia tiene el m\u00e1s puro estilo Timerman. Primero es bastante extensa. Despu\u00e9s se explaya en las habituales acusaciones a Clar\u00edn, La Naci\u00f3n y otros medios. Hace alusi\u00f3n a la familia Graiver, a Papel Prensa, a la reacci\u00f3n de la colectividad jud\u00eda frente a ellos. Se queja de quienes hablan en la colectividad de \u201cjud\u00edos vergonzantes\u201d. Critic\u00f3 por eso tambi\u00e9n el \u00faltimo acto por el D\u00eda del Holocausto, donde se oyeron fuertes cr\u00edticas a Cristina y a Elbaum.<\/p>\n<p>Y concluye de manera extra\u00f1a. Si bien aclara que no acusa a los dirigente de AMIA de conspirar con los fondos buitres, s\u00ed los acusa por su \u201csilencio\u201d que \u2013dice Timerman- \u201cvalida que la escoria nacional e internacional utilice a las v\u00edctimas para sus fines espurios\u201d. Luego igual, les advierte que podr\u00edan en el futuro sufrir acciones legales en su contra record\u00e1ndoles \u2013sin nombrarlo- que el presidente de la DAIA Rub\u00e9n Beraja \u201cse encuentra procesado por encubrimiento del atentado\u201d.<\/p>\n","protected":false},"excerpt":{"rendered":"<p>El canciller H\u00e9ctor Timerman present\u00f3 su renuncia \u201cindeclinable\u201d como socio a la Asociaci\u00f3n Mutual Israelita Argentina (AMIA) a trav\u00e9s de una carta al presidente de la entidad, Leonardo Jmenitzky, que hizo llegar el propio ministro a los medios, incluyendo a Clar\u00edn. En la dura misiva tambi\u00e9n pide que por esa renuncia tampoco la Delegaci\u00f3n de [&hellip;]<\/p>\n","protected":false},"author":1,"featured_media":25103,"comment_status":"open","ping_status":"open","sticky":false,"template":"","format":"standard","meta":{"_stopmodifiedupdate":false,"_modified_date":"","inline_featured_image":false,"spay_email":"","jetpack_publicize_message":""},"categories":[5],"tags":[],"jetpack_featured_media_url":"https:\/\/notinor.com\/jujuy\/wp-content\/uploads\/2015\/04\/timerman-amia-2.jpg","jetpack_publicize_connections":[],"_links":{"self":[{"href":"https:\/\/notinor.com\/jujuy\/wp-json\/wp\/v2\/posts\/25099"}],"collection":[{"href":"https:\/\/notinor.com\/jujuy\/wp-json\/wp\/v2\/posts"}],"about":[{"href":"https:\/\/notinor.com\/jujuy\/wp-json\/wp\/v2\/types\/post"}],"author":[{"embeddable":true,"href":"https:\/\/notinor.com\/jujuy\/wp-json\/wp\/v2\/users\/1"}],"replies":[{"embeddable":true,"href":"https:\/\/notinor.com\/jujuy\/wp-json\/wp\/v2\/comments?post=25099"}],"version-history":[{"count":1,"href":"https:\/\/notinor.com\/jujuy\/wp-json\/wp\/v2\/posts\/25099\/revisions"}],"predecessor-version":[{"id":25104,"href":"https:\/\/notinor.com\/jujuy\/wp-json\/wp\/v2\/posts\/25099\/revisions\/25104"}],"wp:featuredmedia":[{"embeddable":true,"href":"https:\/\/notinor.com\/jujuy\/wp-json\/wp\/v2\/media\/25103"}],"wp:attachment":[{"href":"https:\/\/notinor.com\/jujuy\/wp-json\/wp\/v2\/media?parent=25099"}],"wp:term":[{"taxonomy":"category","embeddable":true,"href":"https:\/\/notinor.com\/jujuy\/wp-json\/wp\/v2\/categories?post=25099"},{"taxonomy":"post_tag","embeddable":true,"href":"https:\/\/notinor.com\/jujuy\/wp-json\/wp\/v2\/tags?post=25099"}],"curies":[{"name":"wp","href":"https:\/\/api.w.org\/{rel}","templated":true}]}}