{"id":25096,"date":"2015-04-29T00:47:16","date_gmt":"2015-04-29T03:47:16","guid":{"rendered":"http:\/\/notinor.com\/jujuy\/?p=25096"},"modified":"2015-04-29T00:47:16","modified_gmt":"2015-04-29T03:47:16","slug":"bachelet-iniciara-el-proceso-para-cambiar-la-constitucion-de-pinochet","status":"publish","type":"post","link":"https:\/\/notinor.com\/jujuy\/bachelet-iniciara-el-proceso-para-cambiar-la-constitucion-de-pinochet\/","title":{"rendered":"Bachelet iniciar\u00e1 el proceso para cambiar la Constituci\u00f3n de Pinochet"},"content":{"rendered":"<p>La presidenta de Chile, Michelle Bachelet, anunci\u00f3 sorpresivamente la noche de este martes que en septiembre se iniciar\u00e1 el proceso para redactar una nueva Constituci\u00f3n que acabe con la heredada por la dictadura de Augusto Pinochet.<\/p>\n<p>\"Quiero anunciar que en septiembre, mes de Chile, daremos inicio al Proceso Constituyente abierto a la ciudadan\u00eda, a trav\u00e9s de di\u00e1logos, debates, consultas y cabildos, que deber\u00e1 desembocar en la Nueva Carta Fundamental, plenamente democr\u00e1tica y ciudadana\", dijo Bachelet en un una cadena nacional de radio y televisi\u00f3n.<\/p>\n<p>Bachelet sorprendi\u00f3 con esta nueva iniciativa, en el marco del anuncio de una serie de medidas para transparentar el ejercicio de la pol\u00edtica y su financiamiento.<\/p>\n<p>La mandataria socialista ten\u00eda contemplado dentro de su programa de gobierno un cambio a la Constituci\u00f3n que en 1980 redact\u00f3 la dictadura de Pinochet, pero hasta ahora no hab\u00eda dado luces del inicio de los debates y la formas en que \u00e9stos se llevar\u00edan a cabo.<\/p>\n<p>La nueva Constituci\u00f3n deber\u00eda luego ser refrendada en el Congreso, donde el oficialismo tiene mayor\u00eda, pero se requieren altos quorums para aprobar las modificaciones.<\/p>\n<p>Aprobada en un cuestionado plebiscito, la Constituci\u00f3n de Pinochet ha sufrido algunas modificaciones en estos 25 a\u00f1os de democracia, pero hasta ahora no se hab\u00eda planteado ninguna iniciativa para erradicarla completamente.<\/p>\n<p>Medidas anticorrupci\u00f3n<\/p>\n<p>Bachelet realiz\u00f3 su cadena nacional cuatro d\u00edas despu\u00e9s de haber recibido las recomendaciones de una comisi\u00f3n de expertos que mandat\u00f3 para que elaboraran medidas anticorrupci\u00f3n.<\/p>\n<p>La mandataria enfrent\u00f3 de esta manera una serie de casos de supuesta corrupci\u00f3n pol\u00edtica, uno de los cuales involucra a su propio hijo mayor, Sebasti\u00e1n D\u00e1valos, y a su esposa Natalia Compagnon.<\/p>\n<p>Ambos son investigados por la justicia por el \"uso de informaci\u00f3n privilegiada\" y \"tr\u00e1fico de influencias\" tras un millonario negocio de especulaci\u00f3n inmobiliaria que concretaron tras la compra y venta de terrenos en el sur de Chile.<\/p>\n<p>El caso ha impactado duro a Bachelet, cuya popularidad cay\u00f3 en picada despu\u00e9s que se revelada el negocio en el que estuvo involucrado su hijo y que dej\u00f3 ganancias por unos cinco millones de d\u00f3lares.<\/p>\n<p>En paralelo, dos de los principales grupos econ\u00f3micos del pa\u00eds, el grupo \"Penta\" y la minera \"Soquimich\" son investigados por delitos tributarios tras el uso de boletas falsas (o por servicios no prestados) para financiar las campa\u00f1as pol\u00edticas tanto de pol\u00edticos de oposici\u00f3n como oficialistas. Mediante el uso de estas facturas, las empresas entregaban dineros a pol\u00edticos y luego descontaban tributos al introducirlas como gastos en sus contabilidades.<\/p>\n<p>La noche de este martes, Bachelet anunci\u00f3 un paquete de medidas para \"cambiar las cosas de ra\u00edz\", entre ellas eliminar los aportes an\u00f3nimos y reservados a las campa\u00f1as pol\u00edticas y acabar con los aportes de las empresas.<\/p>\n<p>Hasta ahora, la ley chilena permite a las empresas aportar a las campa\u00f1as pol\u00edticas, pero en un per\u00edodo acotado y de forma reservada.<\/p>\n<p>Bachelet anunci\u00f3 adem\u00e1s que el Estado financiar\u00e1 desde ahora a los partidos pol\u00edticos, pero \u00e9stos deber\u00e1n someterse a controles m\u00e1s estrictos. Los pol\u00edticos que cometan delitos tambi\u00e9n perder\u00e1n sus esca\u00f1os.<\/p>\n<p>Pero Bachelet anunci\u00f3 tambi\u00e9n medidas que buscan evitar el tipo de negocios de especulaci\u00f3n inmobiliaria que concret\u00f3 su hijo, que habr\u00eda vendido a un mayor valor los terrenos ante un proyectado cambio en el uso de suelos, desde agr\u00edcola a residencial.<\/p>\n<p>\"Buscar ganancias transgrediendo las normas \u00e9ticas y legales, no es progreso, sino retroceso. Por eso tomaremos medidas severas\", afirm\u00f3 la mandataria.<\/p>\n<p>\"Tenemos que evitar los negocios irregulares y especulativos. Nadie podr\u00e1 sacar ventajas indebidas con los cambios de los planos reguladores\", agreg\u00f3 Bachelet, cuya popularidad se encuentra en los m\u00e1s bajo en sus dos per\u00edodos de gobierno (30%), a ra\u00edz de este caso.<\/p>\n","protected":false},"excerpt":{"rendered":"<p>La presidenta de Chile, Michelle Bachelet, anunci\u00f3 sorpresivamente la noche de este martes que en septiembre se iniciar\u00e1 el proceso para redactar una nueva Constituci\u00f3n que acabe con la heredada por la dictadura de Augusto Pinochet. \"Quiero anunciar que en septiembre, mes de Chile, daremos inicio al Proceso Constituyente abierto a la ciudadan\u00eda, a trav\u00e9s [&hellip;]<\/p>\n","protected":false},"author":1,"featured_media":20634,"comment_status":"open","ping_status":"open","sticky":false,"template":"","format":"standard","meta":{"_stopmodifiedupdate":false,"_modified_date":"","inline_featured_image":false,"spay_email":"","jetpack_publicize_message":""},"categories":[6],"tags":[],"jetpack_featured_media_url":"https:\/\/notinor.com\/jujuy\/wp-content\/uploads\/2015\/03\/bachelet-imagen-negativa.jpg","jetpack_publicize_connections":[],"_links":{"self":[{"href":"https:\/\/notinor.com\/jujuy\/wp-json\/wp\/v2\/posts\/25096"}],"collection":[{"href":"https:\/\/notinor.com\/jujuy\/wp-json\/wp\/v2\/posts"}],"about":[{"href":"https:\/\/notinor.com\/jujuy\/wp-json\/wp\/v2\/types\/post"}],"author":[{"embeddable":true,"href":"https:\/\/notinor.com\/jujuy\/wp-json\/wp\/v2\/users\/1"}],"replies":[{"embeddable":true,"href":"https:\/\/notinor.com\/jujuy\/wp-json\/wp\/v2\/comments?post=25096"}],"version-history":[{"count":1,"href":"https:\/\/notinor.com\/jujuy\/wp-json\/wp\/v2\/posts\/25096\/revisions"}],"predecessor-version":[{"id":25098,"href":"https:\/\/notinor.com\/jujuy\/wp-json\/wp\/v2\/posts\/25096\/revisions\/25098"}],"wp:featuredmedia":[{"embeddable":true,"href":"https:\/\/notinor.com\/jujuy\/wp-json\/wp\/v2\/media\/20634"}],"wp:attachment":[{"href":"https:\/\/notinor.com\/jujuy\/wp-json\/wp\/v2\/media?parent=25096"}],"wp:term":[{"taxonomy":"category","embeddable":true,"href":"https:\/\/notinor.com\/jujuy\/wp-json\/wp\/v2\/categories?post=25096"},{"taxonomy":"post_tag","embeddable":true,"href":"https:\/\/notinor.com\/jujuy\/wp-json\/wp\/v2\/tags?post=25096"}],"curies":[{"name":"wp","href":"https:\/\/api.w.org\/{rel}","templated":true}]}}