{"id":25093,"date":"2015-04-29T00:47:56","date_gmt":"2015-04-29T03:47:56","guid":{"rendered":"http:\/\/notinor.com\/jujuy\/?p=25093"},"modified":"2015-05-03T21:00:12","modified_gmt":"2015-05-04T00:00:12","slug":"operativo-de-limpieza-control-comercial-y-reordenamiento-urbano","status":"publish","type":"post","link":"https:\/\/notinor.com\/jujuy\/operativo-de-limpieza-control-comercial-y-reordenamiento-urbano\/","title":{"rendered":"Operativo de limpieza, control comercial y reordenamiento urbano"},"content":{"rendered":"<p>&nbsp;<\/p>\n<p style=\"text-align: center;\"><a href=\"http:\/\/notinor.com\/jujuy\/wp-content\/uploads\/2015\/04\/limpieza-calle-Santiago-del-Estero.jpg\"><img decoding=\"async\" loading=\"lazy\" class=\"alignnone  wp-image-25097\" src=\"http:\/\/notinor.com\/jujuy\/wp-content\/uploads\/2015\/04\/limpieza-calle-Santiago-del-Estero.jpg\" alt=\"limpieza calle Santiago del Estero\" width=\"568\" height=\"377\" srcset=\"https:\/\/notinor.com\/jujuy\/wp-content\/uploads\/2015\/04\/limpieza-calle-Santiago-del-Estero.jpg 900w, https:\/\/notinor.com\/jujuy\/wp-content\/uploads\/2015\/04\/limpieza-calle-Santiago-del-Estero-300x199.jpg 300w\" sizes=\"(max-width: 568px) 100vw, 568px\" \/><\/a><\/p>\n<p>D\u00edas pasados se realizaron las tareas de limpieza de la calle Santiago del Estero, donde numerosos puestos ambulantes tuvieron que levantar su mercader\u00eda para dar lugar al operativo de limpieza y reordenamiento propuesto desde el municipio capitalino con motivo de concientizar a la poblaci\u00f3n sobre el adecuado cuidado de la limpieza de la v\u00eda p\u00fablica, mantenimiento y colaboraci\u00f3n por parte de los distintos puestos ambulantes.<\/p>\n<p>En ese contexto, Carlos Torres, encargado del operativo inform\u00f3 al respecto \u201cyo tengo la funci\u00f3n de coordinar con los vendedores de la v\u00eda p\u00fablica, hoy estamos en la tarea de organizaci\u00f3n,\u00a0 y comenzando por este sector de la calle Santiago del estero que es una de las zonas m\u00e1s\u00a0 densamente poblada por los comerciantes\u201d.<\/p>\n<p>\u201cEste fin de semana se realiza\u00a0 el lavado y desinfecci\u00f3n de esta arteria, , desde el municipio,\u00a0 con control comercial e higiene urbana; se utilizan los camiones hidrantes para luego proceder a la desinfecci\u00f3n\u201d.<\/p>\n<p>Torres, concluy\u00f3 diciendo que \u201cla idea es que esto se haga con una periodicidad, de una vez al mes, en esta calle, donde hay m\u00e1s de 60 puesteros y si bien hay pre disposici\u00f3n de parte de ellos, todav\u00eda hay que seguir haciendo un trabajo previo de concentraci\u00f3n sobre el hantavirus y todas las enfermedades que pueden darse en este contexto, de no higiene, por lo que accedieron\u00a0 en su gran mayor\u00eda\u00a0 a comenzar con estos trabajos\u201d.<\/p>\n<p>Tambi\u00e9n el \u00e1rea de Higiene Urbana estuvo presente en este operativo por lo que Maria Mendoza dijo que \"estamos levantando todo lo que es la feria de la Santiago del Estero, se procede a su lavado con el cami\u00f3n Hidrante, de la empresa Limsa, limpieza y desinfecci\u00f3n, se espera poder implementar esta actividad en otros sectores y con la colaboraci\u00f3n de los puesteros\".<\/p>\n","protected":false},"excerpt":{"rendered":"<p>&nbsp; D\u00edas pasados se realizaron las tareas de limpieza de la calle Santiago del Estero, donde numerosos puestos ambulantes tuvieron que levantar su mercader\u00eda para dar lugar al operativo de limpieza y reordenamiento propuesto desde el municipio capitalino con motivo de concientizar a la poblaci\u00f3n sobre el adecuado cuidado de la limpieza de la v\u00eda [&hellip;]<\/p>\n","protected":false},"author":1,"featured_media":25097,"comment_status":"open","ping_status":"open","sticky":false,"template":"","format":"standard","meta":{"_stopmodifiedupdate":false,"_modified_date":"","inline_featured_image":false,"spay_email":"","jetpack_publicize_message":""},"categories":[490],"tags":[],"jetpack_featured_media_url":"https:\/\/notinor.com\/jujuy\/wp-content\/uploads\/2015\/04\/limpieza-calle-Santiago-del-Estero.jpg","jetpack_publicize_connections":[],"_links":{"self":[{"href":"https:\/\/notinor.com\/jujuy\/wp-json\/wp\/v2\/posts\/25093"}],"collection":[{"href":"https:\/\/notinor.com\/jujuy\/wp-json\/wp\/v2\/posts"}],"about":[{"href":"https:\/\/notinor.com\/jujuy\/wp-json\/wp\/v2\/types\/post"}],"author":[{"embeddable":true,"href":"https:\/\/notinor.com\/jujuy\/wp-json\/wp\/v2\/users\/1"}],"replies":[{"embeddable":true,"href":"https:\/\/notinor.com\/jujuy\/wp-json\/wp\/v2\/comments?post=25093"}],"version-history":[{"count":2,"href":"https:\/\/notinor.com\/jujuy\/wp-json\/wp\/v2\/posts\/25093\/revisions"}],"predecessor-version":[{"id":25101,"href":"https:\/\/notinor.com\/jujuy\/wp-json\/wp\/v2\/posts\/25093\/revisions\/25101"}],"wp:featuredmedia":[{"embeddable":true,"href":"https:\/\/notinor.com\/jujuy\/wp-json\/wp\/v2\/media\/25097"}],"wp:attachment":[{"href":"https:\/\/notinor.com\/jujuy\/wp-json\/wp\/v2\/media?parent=25093"}],"wp:term":[{"taxonomy":"category","embeddable":true,"href":"https:\/\/notinor.com\/jujuy\/wp-json\/wp\/v2\/categories?post=25093"},{"taxonomy":"post_tag","embeddable":true,"href":"https:\/\/notinor.com\/jujuy\/wp-json\/wp\/v2\/tags?post=25093"}],"curies":[{"name":"wp","href":"https:\/\/api.w.org\/{rel}","templated":true}]}}