{"id":25091,"date":"2015-04-29T00:45:11","date_gmt":"2015-04-29T03:45:11","guid":{"rendered":"http:\/\/notinor.com\/jujuy\/?p=25091"},"modified":"2015-04-29T00:45:11","modified_gmt":"2015-04-29T03:45:11","slug":"venezuela-ordena-el-racionamiento-energetico-en-las-dependencias-del-estado","status":"publish","type":"post","link":"https:\/\/notinor.com\/jujuy\/venezuela-ordena-el-racionamiento-energetico-en-las-dependencias-del-estado\/","title":{"rendered":"Venezuela ordena el racionamiento energ\u00e9tico en las dependencias del Estado"},"content":{"rendered":"<p>El sector p\u00fablico trabajar\u00e1 entre las 07:30 y las 13:00 como parte de una serie de medidas que aprob\u00f3 el presidente Nicol\u00e1s Maduro para afrontar la suba de unos 1.500 megavatios en el consumo el\u00e9ctrico que se produjo la \u00faltima semana, indic\u00f3 Jesse Chac\u00f3n, ministro de Energ\u00eda El\u00e9ctrica.<\/p>\n<p>Venezuela tiene actualmente una demanda el\u00e9ctrica de 18.300 megavatios, seg\u00fan cifras del Gobierno.<\/p>\n<p>Chac\u00f3n dijo a la televisora estatal que los sectores de educaci\u00f3n, salud, producci\u00f3n y distribuci\u00f3n de alimentos, energ\u00eda, hidrocarburos, seguridad ciudadana, recolecci\u00f3n de basura, banca, seguros y medios de comunicaci\u00f3n quedar\u00e1n exentos de cumplir el horario reducido.<\/p>\n<p>El vicepresidente Jorge Arreaza se\u00f1al\u00f3 que como parte de las medidas preventivas tambi\u00e9n se impondr\u00e1n controles en el uso de los aires acondicionados, ascensores y otros equipos el\u00e9ctricos en el sector p\u00fablico.<\/p>\n<p>De igual forma, las autoridades iniciar\u00e1n inspecciones en los centros comerciales, hoteles y comercios para garantizar el cumplimiento de la normativa que obliga a reducir en un 10% el consumo el\u00e9ctrico y estimular el uso de sistemas de autogeneraci\u00f3n el\u00e9ctrica durante las horas de mayor demanda, precis\u00f3 el ministro.<\/p>\n<p>Las autoridades no indicaron durante cu\u00e1nto tiempo se extender\u00e1n las medidas especiales. Arreaza dijo que se espera en pocas semanas mejoren las condiciones clim\u00e1ticas para flexibilizar las disposiciones.<\/p>\n<p>Entre 2010 y 2011, el Gobierno impuso una serie de racionamientos en el servicio el\u00e9ctrico debido a un d\u00e9ficit de energ\u00eda que se gener\u00f3 por el descenso en los niveles de agua de la represa del Guri, la principal generadora de electricidad del pa\u00eds, y las deficiencias en el sistema termoel\u00e9ctrico.<\/p>\n","protected":false},"excerpt":{"rendered":"<p>El sector p\u00fablico trabajar\u00e1 entre las 07:30 y las 13:00 como parte de una serie de medidas que aprob\u00f3 el presidente Nicol\u00e1s Maduro para afrontar la suba de unos 1.500 megavatios en el consumo el\u00e9ctrico que se produjo la \u00faltima semana, indic\u00f3 Jesse Chac\u00f3n, ministro de Energ\u00eda El\u00e9ctrica. Venezuela tiene actualmente una demanda el\u00e9ctrica de [&hellip;]<\/p>\n","protected":false},"author":1,"featured_media":25094,"comment_status":"open","ping_status":"open","sticky":false,"template":"","format":"standard","meta":{"_stopmodifiedupdate":false,"_modified_date":"","inline_featured_image":false,"spay_email":"","jetpack_publicize_message":""},"categories":[6],"tags":[],"jetpack_featured_media_url":"https:\/\/notinor.com\/jujuy\/wp-content\/uploads\/2015\/04\/venezuela-racionamiento-energetico.jpg","jetpack_publicize_connections":[],"_links":{"self":[{"href":"https:\/\/notinor.com\/jujuy\/wp-json\/wp\/v2\/posts\/25091"}],"collection":[{"href":"https:\/\/notinor.com\/jujuy\/wp-json\/wp\/v2\/posts"}],"about":[{"href":"https:\/\/notinor.com\/jujuy\/wp-json\/wp\/v2\/types\/post"}],"author":[{"embeddable":true,"href":"https:\/\/notinor.com\/jujuy\/wp-json\/wp\/v2\/users\/1"}],"replies":[{"embeddable":true,"href":"https:\/\/notinor.com\/jujuy\/wp-json\/wp\/v2\/comments?post=25091"}],"version-history":[{"count":1,"href":"https:\/\/notinor.com\/jujuy\/wp-json\/wp\/v2\/posts\/25091\/revisions"}],"predecessor-version":[{"id":25095,"href":"https:\/\/notinor.com\/jujuy\/wp-json\/wp\/v2\/posts\/25091\/revisions\/25095"}],"wp:featuredmedia":[{"embeddable":true,"href":"https:\/\/notinor.com\/jujuy\/wp-json\/wp\/v2\/media\/25094"}],"wp:attachment":[{"href":"https:\/\/notinor.com\/jujuy\/wp-json\/wp\/v2\/media?parent=25091"}],"wp:term":[{"taxonomy":"category","embeddable":true,"href":"https:\/\/notinor.com\/jujuy\/wp-json\/wp\/v2\/categories?post=25091"},{"taxonomy":"post_tag","embeddable":true,"href":"https:\/\/notinor.com\/jujuy\/wp-json\/wp\/v2\/tags?post=25091"}],"curies":[{"name":"wp","href":"https:\/\/api.w.org\/{rel}","templated":true}]}}