{"id":25087,"date":"2015-04-29T00:42:48","date_gmt":"2015-04-29T03:42:48","guid":{"rendered":"http:\/\/notinor.com\/jujuy\/?p=25087"},"modified":"2015-04-29T00:42:48","modified_gmt":"2015-04-29T03:42:48","slug":"peru-da-por-concluido-el-conflicto-con-chile-por-supuesto-espionaje","status":"publish","type":"post","link":"https:\/\/notinor.com\/jujuy\/peru-da-por-concluido-el-conflicto-con-chile-por-supuesto-espionaje\/","title":{"rendered":"Per\u00fa da por concluido el conflicto con Chile por supuesto espionaje"},"content":{"rendered":"<p>\"He dispuesto el restablecimiento gradual de nuestras relaciones con Chile, al nivel que ten\u00edan antes de este lamentable suceso, empezando por el retorno del embajador del Per\u00fa a ese pa\u00eds\", anunci\u00f3 hoy el presidente peruano, Ollanta Humala, en un mensaje dirigido a la naci\u00f3n.<\/p>\n<p>La decisi\u00f3n se produce luego de que Chile enviara recientemente una tercera comunicaci\u00f3n a Per\u00fa, en la que presenta las satisfacciones -que en lenguaje diplom\u00e1tico es interpretado como \"explicaciones satisfactorias\"- por lo ocurrido.<\/p>\n<p>\"Como consecuencia de los referidos intercambios, el gobierno de Chile ha expresado de manera expl\u00edcita sus satisfacciones al gobierno del Per\u00fa, sobre el caso de espionaje denunciado\", asegur\u00f3 Humala.<\/p>\n<p>\"Debo reconocer la actitud constructiva y de di\u00e1logo de la presidente Michelle Bachelet, al deplorar estos hechos en el \u00e1nimo de seguir avanzando en el camino de cooperaci\u00f3n e integraci\u00f3n de nuestros pueblos\", agreg\u00f3 el mandatario.<\/p>\n<p>Humala recalc\u00f3 la importancia para su gobierno de \"implementar con Chile una pol\u00edtica activa de construcci\u00f3n de confianza mutua, tanto en el nivel oficial como en la sociedad civil\", as\u00ed como \"avanzar en una agenda bilateral de futuro\".<\/p>\n<p>Las relaciones bilaterales entre Santiago y Lima se tensaron el 20 de febrero, cuando Per\u00fa present\u00f3 una nota de protesta en la que aseguraba que tres marinos peruanos hab\u00edan sido detenidos por la acusaci\u00f3n de vender informaci\u00f3n a agentes chilenos entre 2005 y 2012.<\/p>\n<p>A ra\u00edz de ello, Lima llam\u00f3 a consultas a su embajador el 8 de marzo y, tras recibir una primera respuesta con una explicaci\u00f3n de Santiago que consider\u00f3 insatisfactoria, Per\u00fa retir\u00f3 a su representante diplom\u00e1tico en la capital chilena.<\/p>\n<p>El contenido de la explicaci\u00f3n no se difundi\u00f3. Per\u00fa insisti\u00f3 en que ten\u00eda pruebas del espionaje, entre ellas, comunicaciones por WhatsApp entre los jefes de inteligencia naval de ambos pa\u00edses, en donde el chileno admitir\u00eda esa pr\u00e1ctica. Identific\u00f3, adem\u00e1s, a un posible oficial chileno que habr\u00eda servido de enlace para esa operaci\u00f3n.<\/p>\n<p>El 1 de abril, el presidente Humala confirm\u00f3 que Chile envi\u00f3 una segunda carta a Per\u00fa sobre el tema y dijo que se evaluar\u00eda. El lunes, la canciller peruana, Ana Mar\u00eda Vargas, inform\u00f3 de la llegada de una tercera comunicaci\u00f3n.<\/p>\n","protected":false},"excerpt":{"rendered":"<p>\"He dispuesto el restablecimiento gradual de nuestras relaciones con Chile, al nivel que ten\u00edan antes de este lamentable suceso, empezando por el retorno del embajador del Per\u00fa a ese pa\u00eds\", anunci\u00f3 hoy el presidente peruano, Ollanta Humala, en un mensaje dirigido a la naci\u00f3n. La decisi\u00f3n se produce luego de que Chile enviara recientemente una [&hellip;]<\/p>\n","protected":false},"author":1,"featured_media":25089,"comment_status":"open","ping_status":"open","sticky":false,"template":"","format":"standard","meta":{"_stopmodifiedupdate":false,"_modified_date":"","inline_featured_image":false,"spay_email":"","jetpack_publicize_message":""},"categories":[6],"tags":[],"jetpack_featured_media_url":"https:\/\/notinor.com\/jujuy\/wp-content\/uploads\/2015\/04\/oyanta-bachelet.jpg","jetpack_publicize_connections":[],"_links":{"self":[{"href":"https:\/\/notinor.com\/jujuy\/wp-json\/wp\/v2\/posts\/25087"}],"collection":[{"href":"https:\/\/notinor.com\/jujuy\/wp-json\/wp\/v2\/posts"}],"about":[{"href":"https:\/\/notinor.com\/jujuy\/wp-json\/wp\/v2\/types\/post"}],"author":[{"embeddable":true,"href":"https:\/\/notinor.com\/jujuy\/wp-json\/wp\/v2\/users\/1"}],"replies":[{"embeddable":true,"href":"https:\/\/notinor.com\/jujuy\/wp-json\/wp\/v2\/comments?post=25087"}],"version-history":[{"count":1,"href":"https:\/\/notinor.com\/jujuy\/wp-json\/wp\/v2\/posts\/25087\/revisions"}],"predecessor-version":[{"id":25090,"href":"https:\/\/notinor.com\/jujuy\/wp-json\/wp\/v2\/posts\/25087\/revisions\/25090"}],"wp:featuredmedia":[{"embeddable":true,"href":"https:\/\/notinor.com\/jujuy\/wp-json\/wp\/v2\/media\/25089"}],"wp:attachment":[{"href":"https:\/\/notinor.com\/jujuy\/wp-json\/wp\/v2\/media?parent=25087"}],"wp:term":[{"taxonomy":"category","embeddable":true,"href":"https:\/\/notinor.com\/jujuy\/wp-json\/wp\/v2\/categories?post=25087"},{"taxonomy":"post_tag","embeddable":true,"href":"https:\/\/notinor.com\/jujuy\/wp-json\/wp\/v2\/tags?post=25087"}],"curies":[{"name":"wp","href":"https:\/\/api.w.org\/{rel}","templated":true}]}}