{"id":25080,"date":"2015-04-29T00:39:28","date_gmt":"2015-04-29T03:39:28","guid":{"rendered":"http:\/\/notinor.com\/jujuy\/?p=25080"},"modified":"2015-04-29T00:39:28","modified_gmt":"2015-04-29T03:39:28","slug":"jenefes-visito-la-feria-del-libro","status":"publish","type":"post","link":"https:\/\/notinor.com\/jujuy\/jenefes-visito-la-feria-del-libro\/","title":{"rendered":"Jenefes visito la Feria del Libro"},"content":{"rendered":"<p>El vicegobernador Guillermo Jenefes, visit\u00f3 el stand de Jujuy en la Feria Internacional del Libro de Buenos Aires, que se desarrolla en dicha ciudad.<\/p>\n<p>El stand de la Provincia es un sentido homenaje a los hacedores culturales de \u201cTarja\u201d. Jenefes destac\u00f3 \u201cla calidad en la gesti\u00f3n de gobierno enriquece a la hora de seguir brindando oportunidades para que nuestros escritores puedan continuar su obra\u201d<\/p>\n<p>La revista Tarja se public\u00f3 en Jujuy desde diciembre de 1955. Hasta la actualidad es valorada como una producci\u00f3n de gran calidad art\u00edstica y cultural que trascendi\u00f3 los l\u00edmites geogr\u00e1ficos de Jujuy y fue reconocida nacional e internacionalmente. La \u00faltima publicaci\u00f3n sali\u00f3 en julio de 1960.<\/p>\n<p>Tarja involucr\u00f3 a la pl\u00e1stica, los t\u00edteres, las artes esc\u00e9nicas, la m\u00fasica. Dirigida por grandes plumas de nuestras letras como Mario Busignani, Jorge Calvetti, Andr\u00e9s Fidalgo, N\u00e9stor Groppa y el artista pl\u00e1stico Medardo Pantoja, gloria de la historia de la pintura de la provincia. Y la riqueza contin\u00faa con cada uno de sus colaboradores.<\/p>\n<p>Tarja contaba con xilograf\u00edas de Audivert, Domingo Onofrio, V\u00edctor Rebuffo, Luis Pellegrini, por mencionar s\u00f3lo algunos. Adem\u00e1s textos de Jaime D\u00e1valos, H\u00e9ctor Tiz\u00f3n, Manuel J. Castilla, Crist\u00f3bal de Guevara, Nicol\u00e1s C\u00f3caro, Ra\u00fal Gal\u00e1n, Gast\u00f3n Gori, Ra\u00fal Ar\u00e1oz Anzo\u00e1tegui, Domingo Zerpa, Jorge Gneco entre otros. Las tapas ten\u00edan la autor\u00eda de Carlos Alonso, Enrique Policastro, Juan Carlos Castagnino, Lino Spilimbergo, Gertrudis Chale, Carlos Torrallardona y Ra\u00fal Soldi.<\/p>\n","protected":false},"excerpt":{"rendered":"<p>El vicegobernador Guillermo Jenefes, visit\u00f3 el stand de Jujuy en la Feria Internacional del Libro de Buenos Aires, que se desarrolla en dicha ciudad. El stand de la Provincia es un sentido homenaje a los hacedores culturales de \u201cTarja\u201d. Jenefes destac\u00f3 \u201cla calidad en la gesti\u00f3n de gobierno enriquece a la hora de seguir brindando [&hellip;]<\/p>\n","protected":false},"author":1,"featured_media":25083,"comment_status":"open","ping_status":"open","sticky":false,"template":"","format":"standard","meta":{"_stopmodifiedupdate":false,"_modified_date":"","inline_featured_image":false,"spay_email":"","jetpack_publicize_message":""},"categories":[2],"tags":[],"jetpack_featured_media_url":"https:\/\/notinor.com\/jujuy\/wp-content\/uploads\/2015\/04\/feria-del-libro-5.jpg","jetpack_publicize_connections":[],"_links":{"self":[{"href":"https:\/\/notinor.com\/jujuy\/wp-json\/wp\/v2\/posts\/25080"}],"collection":[{"href":"https:\/\/notinor.com\/jujuy\/wp-json\/wp\/v2\/posts"}],"about":[{"href":"https:\/\/notinor.com\/jujuy\/wp-json\/wp\/v2\/types\/post"}],"author":[{"embeddable":true,"href":"https:\/\/notinor.com\/jujuy\/wp-json\/wp\/v2\/users\/1"}],"replies":[{"embeddable":true,"href":"https:\/\/notinor.com\/jujuy\/wp-json\/wp\/v2\/comments?post=25080"}],"version-history":[{"count":1,"href":"https:\/\/notinor.com\/jujuy\/wp-json\/wp\/v2\/posts\/25080\/revisions"}],"predecessor-version":[{"id":25085,"href":"https:\/\/notinor.com\/jujuy\/wp-json\/wp\/v2\/posts\/25080\/revisions\/25085"}],"wp:featuredmedia":[{"embeddable":true,"href":"https:\/\/notinor.com\/jujuy\/wp-json\/wp\/v2\/media\/25083"}],"wp:attachment":[{"href":"https:\/\/notinor.com\/jujuy\/wp-json\/wp\/v2\/media?parent=25080"}],"wp:term":[{"taxonomy":"category","embeddable":true,"href":"https:\/\/notinor.com\/jujuy\/wp-json\/wp\/v2\/categories?post=25080"},{"taxonomy":"post_tag","embeddable":true,"href":"https:\/\/notinor.com\/jujuy\/wp-json\/wp\/v2\/tags?post=25080"}],"curies":[{"name":"wp","href":"https:\/\/api.w.org\/{rel}","templated":true}]}}