{"id":2508,"date":"2014-10-26T12:31:11","date_gmt":"2014-10-26T12:31:11","guid":{"rendered":"http:\/\/notinor.com\/jujuy\/?p=2508"},"modified":"2014-10-26T12:31:11","modified_gmt":"2014-10-26T12:31:11","slug":"balcarce-antonio-q-e-p-d","status":"publish","type":"post","link":"https:\/\/notinor.com\/jujuy\/balcarce-antonio-q-e-p-d\/","title":{"rendered":"BALCARCE Antonio (Q.E.P.D.)"},"content":{"rendered":"<p>Falleci\u00f3 el d\u00eda 25 de Octubre de 2014 a hs. 05:00. C.A.S.R. y B.P. a la edad de 78 a\u00f1os. Sus hija Mabel Balcarce; sus hijos pol\u00edticos; sus hermanos Blas y Sim\u00f3n Balcarce; sus hermanos pol\u00edticos; sus nietos Melania y Mariel Madrigal; y dem\u00e1s familiares participan su fallecimiento comunican que sus restos ser\u00e1n inhumados hoy 25 de octubre a hs. 16:00 en el cementerio de San Antonio ciudad El Carmen. Exequias Av. 21 de septiembre barrio Carlos Snopek San Antonio Servicio y Ceremonial Empresa P\u00e1ez srl Tel. 0388-4911211 - Fax 4911813 Alberdi 302 Esq. 25 de Mayo Email: empresa_paezsrl@hotmail.com C.P. (Y4608AGH) - Ciudad Perico, Jujuy<\/p>\n","protected":false},"excerpt":{"rendered":"<p>Falleci\u00f3 el d\u00eda 25 de Octubre de 2014 a hs. 05:00. C.A.S.R. y B.P. a la edad de 78 a\u00f1os. Sus hija Mabel Balcarce; sus hijos pol\u00edticos; sus hermanos Blas y Sim\u00f3n Balcarce; sus hermanos pol\u00edticos; sus nietos Melania y Mariel Madrigal; y dem\u00e1s familiares participan su fallecimiento comunican que sus restos ser\u00e1n inhumados hoy [&hellip;]<\/p>\n","protected":false},"author":5,"featured_media":2421,"comment_status":"open","ping_status":"open","sticky":false,"template":"","format":"standard","meta":{"_stopmodifiedupdate":false,"_modified_date":"","inline_featured_image":false,"spay_email":"","jetpack_publicize_message":""},"categories":[18],"tags":[],"jetpack_featured_media_url":"https:\/\/notinor.com\/jujuy\/wp-content\/uploads\/2014\/10\/funebres1.jpg","jetpack_publicize_connections":[],"_links":{"self":[{"href":"https:\/\/notinor.com\/jujuy\/wp-json\/wp\/v2\/posts\/2508"}],"collection":[{"href":"https:\/\/notinor.com\/jujuy\/wp-json\/wp\/v2\/posts"}],"about":[{"href":"https:\/\/notinor.com\/jujuy\/wp-json\/wp\/v2\/types\/post"}],"author":[{"embeddable":true,"href":"https:\/\/notinor.com\/jujuy\/wp-json\/wp\/v2\/users\/5"}],"replies":[{"embeddable":true,"href":"https:\/\/notinor.com\/jujuy\/wp-json\/wp\/v2\/comments?post=2508"}],"version-history":[{"count":1,"href":"https:\/\/notinor.com\/jujuy\/wp-json\/wp\/v2\/posts\/2508\/revisions"}],"predecessor-version":[{"id":2509,"href":"https:\/\/notinor.com\/jujuy\/wp-json\/wp\/v2\/posts\/2508\/revisions\/2509"}],"wp:featuredmedia":[{"embeddable":true,"href":"https:\/\/notinor.com\/jujuy\/wp-json\/wp\/v2\/media\/2421"}],"wp:attachment":[{"href":"https:\/\/notinor.com\/jujuy\/wp-json\/wp\/v2\/media?parent=2508"}],"wp:term":[{"taxonomy":"category","embeddable":true,"href":"https:\/\/notinor.com\/jujuy\/wp-json\/wp\/v2\/categories?post=2508"},{"taxonomy":"post_tag","embeddable":true,"href":"https:\/\/notinor.com\/jujuy\/wp-json\/wp\/v2\/tags?post=2508"}],"curies":[{"name":"wp","href":"https:\/\/api.w.org\/{rel}","templated":true}]}}