{"id":250608,"date":"2020-07-06T21:48:04","date_gmt":"2020-07-07T00:48:04","guid":{"rendered":"https:\/\/notinor.com\/jujuy\/?p=250608"},"modified":"2020-07-06T22:00:10","modified_gmt":"2020-07-07T01:00:10","slug":"uta-marchara-manana-en-la-capital-jujena","status":"publish","type":"post","link":"https:\/\/notinor.com\/jujuy\/uta-marchara-manana-en-la-capital-jujena\/","title":{"rendered":"UTA marchar\u00e1 ma\u00f1ana en la capital juje\u00f1a"},"content":{"rendered":"\n<p>La UTA, el gremio, seccional Jujuy contin\u00faa presentando servicio con frecuencia reducida en toda la provincia, realizar\u00e1 este martes una movilizaci\u00f3n pac\u00edfica en reclamo de las diferencias que existen en los montos percibidos como subsidios en el Amba y el interior del pa\u00eds.<br>  La medida se realizar\u00e1 en todo el pa\u00eds, y Jujuy adherir\u00e1 realizando una manifestaci\u00f3n que se congregar\u00e1 en horas del mediod\u00eda en inmediaciones del estadio \u201c23 de Agosto\u201d para marchar hacia el centro de la ciudad.  <\/p>\n\n\n\n<figure class=\"is-layout-flex wp-block-gallery-1 wp-block-gallery columns-1 is-cropped\"><ul class=\"blocks-gallery-grid\"><li class=\"blocks-gallery-item\"><figure><img decoding=\"async\" loading=\"lazy\" width=\"1024\" height=\"768\" src=\"https:\/\/i1.wp.com\/notinor.com\/jujuy\/wp-content\/uploads\/2020\/07\/0000401657.jpg?fit=640%2C480&amp;ssl=1\" alt=\"\" data-id=\"250611\" data-full-url=\"https:\/\/i1.wp.com\/notinor.com\/jujuy\/wp-content\/uploads\/2020\/07\/0000401657.jpg?fit=1024%2C768&amp;ssl=1\" data-link=\"https:\/\/notinor.com\/jujuy\/?attachment_id=250611\" class=\"wp-image-250611\" srcset=\"https:\/\/notinor.com\/jujuy\/wp-content\/uploads\/2020\/07\/0000401657.jpg 1024w, https:\/\/notinor.com\/jujuy\/wp-content\/uploads\/2020\/07\/0000401657-487x365.jpg 487w, https:\/\/notinor.com\/jujuy\/wp-content\/uploads\/2020\/07\/0000401657-640x480.jpg 640w, https:\/\/notinor.com\/jujuy\/wp-content\/uploads\/2020\/07\/0000401657-768x576.jpg 768w\" sizes=\"(max-width: 1024px) 100vw, 1024px\" \/><\/figure><\/li><\/ul><\/figure>\n\n\n\n<p><br> De parte del gremio, confirmaron, que en la jornada de ma\u00f1ana se reanudar\u00e1 la audiencia con la Federaci\u00f3n Argentina de Transportadores por Automotor de Pasajeros (Fatap) y el Ministerio de Trabajo de la Naci\u00f3n, que hab\u00eda pasado a un cuarto intermedio. En esta instancia se abordar\u00eda las desigualdades que existen actualmente en el monto de subsidios que recibe el Amba y las provincias del interior.<br> Cabe recordar que el mi\u00e9rcoles pasado el gremio hab\u00eda suspendido el servicio de transporte debido al incumplimiento de los acuerdos de pago por parte de la patronal, medida que se flexibiliz\u00f3 desde el s\u00e1bado cuando se reanud\u00f3 el servicio con frecuencia reducida y que se cumplir\u00eda hasta hoy inclusive.<\/p>\n","protected":false},"excerpt":{"rendered":"<p>La UTA, el gremio, seccional Jujuy contin\u00faa presentando servicio con frecuencia reducida en toda la provincia, realizar\u00e1 este martes una movilizaci\u00f3n pac\u00edfica en reclamo de las diferencias que existen en los montos percibidos como subsidios en el Amba y el interior del pa\u00eds. La medida se realizar\u00e1 en todo el pa\u00eds, y Jujuy adherir\u00e1 realizando [&hellip;]<\/p>\n","protected":false},"author":1,"featured_media":250618,"comment_status":"open","ping_status":"open","sticky":false,"template":"","format":"standard","meta":{"_stopmodifiedupdate":false,"_modified_date":"","inline_featured_image":false,"spay_email":"","jetpack_publicize_message":""},"categories":[490],"tags":[],"jetpack_featured_media_url":"https:\/\/notinor.com\/jujuy\/wp-content\/uploads\/2020\/07\/transporte-colectivo-severich.jpg","jetpack_publicize_connections":[],"_links":{"self":[{"href":"https:\/\/notinor.com\/jujuy\/wp-json\/wp\/v2\/posts\/250608"}],"collection":[{"href":"https:\/\/notinor.com\/jujuy\/wp-json\/wp\/v2\/posts"}],"about":[{"href":"https:\/\/notinor.com\/jujuy\/wp-json\/wp\/v2\/types\/post"}],"author":[{"embeddable":true,"href":"https:\/\/notinor.com\/jujuy\/wp-json\/wp\/v2\/users\/1"}],"replies":[{"embeddable":true,"href":"https:\/\/notinor.com\/jujuy\/wp-json\/wp\/v2\/comments?post=250608"}],"version-history":[{"count":1,"href":"https:\/\/notinor.com\/jujuy\/wp-json\/wp\/v2\/posts\/250608\/revisions"}],"predecessor-version":[{"id":250615,"href":"https:\/\/notinor.com\/jujuy\/wp-json\/wp\/v2\/posts\/250608\/revisions\/250615"}],"wp:featuredmedia":[{"embeddable":true,"href":"https:\/\/notinor.com\/jujuy\/wp-json\/wp\/v2\/media\/250618"}],"wp:attachment":[{"href":"https:\/\/notinor.com\/jujuy\/wp-json\/wp\/v2\/media?parent=250608"}],"wp:term":[{"taxonomy":"category","embeddable":true,"href":"https:\/\/notinor.com\/jujuy\/wp-json\/wp\/v2\/categories?post=250608"},{"taxonomy":"post_tag","embeddable":true,"href":"https:\/\/notinor.com\/jujuy\/wp-json\/wp\/v2\/tags?post=250608"}],"curies":[{"name":"wp","href":"https:\/\/api.w.org\/{rel}","templated":true}]}}