{"id":2506,"date":"2014-10-26T12:26:52","date_gmt":"2014-10-26T12:26:52","guid":{"rendered":"http:\/\/notinor.com\/jujuy\/?p=2506"},"modified":"2014-10-26T12:26:52","modified_gmt":"2014-10-26T12:26:52","slug":"lerma-rosa-ester-q-e-p-d","status":"publish","type":"post","link":"https:\/\/notinor.com\/jujuy\/lerma-rosa-ester-q-e-p-d\/","title":{"rendered":"LERMA, Rosa Ester (Q.E.P.D.)"},"content":{"rendered":"<p>Falleci\u00f3 el d\u00eda 25 de octubre de 2014 a hs. 11:00. C.A.S.R. y B.P. a la edad de 68 a\u00f1os. Su esposo Ceferino Carmona; sus hijos Dardo, Beatriz y Carina Carmona; su hijo pol\u00edtico Oscar Flores; sus hermanos Dementrio, Cristian, Joaquina, Antonio y Sally; sus hermanos pol\u00edticos Juan Carlos y Estefan\u00eda; sus nietos Mar\u00eda Jos\u00e9, Mar\u00eda Celeste, Mar\u00eda Sol Flores, Yesica, Tamara y Sheila Carmona y dem\u00e1s familiares participan su fallecimiento e informan que sus restos ser\u00e1n inhumados hoy 26 de octubre a hs. 18:00 en el cementerio San Jos\u00e9, Perico. Exequias sala A P\u00e1ez srl Servicio y Ceremonial Empresa P\u00e1ez srl Tel. 0388-4911211 - Fax 4911813 Alberdi 302 Esq. 25 de Mayo Email: empresa_paezsrl@hotmail.com C.P. (Y4608AGH) - Ciudad Perico, Jujuy<\/p>\n","protected":false},"excerpt":{"rendered":"<p>Falleci\u00f3 el d\u00eda 25 de octubre de 2014 a hs. 11:00. C.A.S.R. y B.P. a la edad de 68 a\u00f1os. Su esposo Ceferino Carmona; sus hijos Dardo, Beatriz y Carina Carmona; su hijo pol\u00edtico Oscar Flores; sus hermanos Dementrio, Cristian, Joaquina, Antonio y Sally; sus hermanos pol\u00edticos Juan Carlos y Estefan\u00eda; sus nietos Mar\u00eda Jos\u00e9, [&hellip;]<\/p>\n","protected":false},"author":5,"featured_media":2421,"comment_status":"open","ping_status":"open","sticky":false,"template":"","format":"standard","meta":{"_stopmodifiedupdate":false,"_modified_date":"","inline_featured_image":false,"spay_email":"","jetpack_publicize_message":""},"categories":[18],"tags":[],"jetpack_featured_media_url":"https:\/\/notinor.com\/jujuy\/wp-content\/uploads\/2014\/10\/funebres1.jpg","jetpack_publicize_connections":[],"_links":{"self":[{"href":"https:\/\/notinor.com\/jujuy\/wp-json\/wp\/v2\/posts\/2506"}],"collection":[{"href":"https:\/\/notinor.com\/jujuy\/wp-json\/wp\/v2\/posts"}],"about":[{"href":"https:\/\/notinor.com\/jujuy\/wp-json\/wp\/v2\/types\/post"}],"author":[{"embeddable":true,"href":"https:\/\/notinor.com\/jujuy\/wp-json\/wp\/v2\/users\/5"}],"replies":[{"embeddable":true,"href":"https:\/\/notinor.com\/jujuy\/wp-json\/wp\/v2\/comments?post=2506"}],"version-history":[{"count":1,"href":"https:\/\/notinor.com\/jujuy\/wp-json\/wp\/v2\/posts\/2506\/revisions"}],"predecessor-version":[{"id":2507,"href":"https:\/\/notinor.com\/jujuy\/wp-json\/wp\/v2\/posts\/2506\/revisions\/2507"}],"wp:featuredmedia":[{"embeddable":true,"href":"https:\/\/notinor.com\/jujuy\/wp-json\/wp\/v2\/media\/2421"}],"wp:attachment":[{"href":"https:\/\/notinor.com\/jujuy\/wp-json\/wp\/v2\/media?parent=2506"}],"wp:term":[{"taxonomy":"category","embeddable":true,"href":"https:\/\/notinor.com\/jujuy\/wp-json\/wp\/v2\/categories?post=2506"},{"taxonomy":"post_tag","embeddable":true,"href":"https:\/\/notinor.com\/jujuy\/wp-json\/wp\/v2\/tags?post=2506"}],"curies":[{"name":"wp","href":"https:\/\/api.w.org\/{rel}","templated":true}]}}