{"id":250528,"date":"2020-07-06T17:53:06","date_gmt":"2020-07-06T20:53:06","guid":{"rendered":"https:\/\/notinor.com\/jujuy\/?p=250528"},"modified":"2020-07-06T17:53:11","modified_gmt":"2020-07-06T20:53:11","slug":"el-intendente-raul-chuli-jorge-dio-a-conocer-las-nuevas-disposiciones-del-coe-en-la-capital-de-jujuy","status":"publish","type":"post","link":"https:\/\/notinor.com\/jujuy\/el-intendente-raul-chuli-jorge-dio-a-conocer-las-nuevas-disposiciones-del-coe-en-la-capital-de-jujuy\/","title":{"rendered":"El intendente, Ra\u00fal (Chuli) Jorge, di\u00f3 a conocer las nuevas disposiciones del COE en la capital de Jujuy."},"content":{"rendered":"\n<p>El intendente Ra\u00fal Jorge, junto a funcionarios comunales dieron detalles del alcance de los anuncios a nivel municipal, a partir de los anuncios realizados ayer por el Comit\u00e9 Operativo de Emergencias (COE) vinculado a la habilitaci\u00f3n de comercios de distintos rubros y a la recreaci\u00f3n al aire libre.<\/p>\n\n\n\n<figure class=\"is-layout-flex wp-block-gallery-1 wp-block-gallery columns-1 is-cropped\"><ul class=\"blocks-gallery-grid\"><li class=\"blocks-gallery-item\"><figure><img decoding=\"async\" loading=\"lazy\" width=\"277\" height=\"182\" src=\"https:\/\/notinor.com\/jujuy\/wp-content\/uploads\/2020\/07\/images-1.jpeg\" alt=\"\" data-id=\"250531\" data-full-url=\"https:\/\/i2.wp.com\/notinor.com\/jujuy\/wp-content\/uploads\/2020\/07\/images-1.jpeg?fit=277%2C182&amp;ssl=1\" data-link=\"https:\/\/notinor.com\/jujuy\/?attachment_id=250531\" class=\"wp-image-250531\"\/><figcaption class=\"blocks-gallery-item__caption\">Ra\u00fal \"Chuli\" Jorge <\/figcaption><\/figure><\/li><\/ul><\/figure>\n\n\n\n<p>Ra\u00fal se\u00f1al\u00f3 que \"tenemos una clara decisi\u00f3n de participar en todas las actividades, como lo venimos haciendo, con el COE provincial\".\u00a0<\/p>\n\n\n\n<p>Insisti\u00f3 tambi\u00e9n en  realizar la apertura de comercios y actividades \"con mucha responsabilidad social\", en particular de aquellos que tienen emprendimientos y comercios. Como as\u00ed tambi\u00e9n apel\u00f3 a la \"reponsabilidad personal\" al momento de realizar actividades f\u00edsicas al aire libre.\u00a0<\/p>\n\n\n\n<p>Por otro lado, el secretario de Gobierno, Gast\u00f3n Mill\u00f3n, subray\u00f3 que en San Salvador de Jujuy est\u00e1n habilitadas las actividades consideradas de \"Tipo I\" en el protocolo, mientras que las de \"Tipo II\" se necesita que desde el Municipio se haga el pedido de habilitaci\u00f3n al COE Provincial.\u00a0<\/p>\n\n\n\n<p>En relaci\u00f3n a las galer\u00edas y shoppings, el funcionario capitalino indic\u00f3 que \"esperamos que el mi\u00e9rcoles\u00a0se autoricen las galer\u00edas, paseos comerciales y shoppings. Que ya ven\u00edan funcionando previo al regreso de la Fase I\".<\/p>\n\n\n\n<p>Explic\u00f3 que en las pr\u00f3ximas horas estar\u00e1 habilitada una p\u00e1gina web para que los comerciantes descarguen el acta acuerdo y la firmen. El tr\u00e1mite ser\u00e1 retirado por agentes de la Municipalidad capitalina, quienes adem\u00e1s realizar\u00e1n los controles pertinentes para el cumplimiento de las normas de bioseguridad.\u00a0<\/p>\n","protected":false},"excerpt":{"rendered":"<p>El intendente Ra\u00fal Jorge, junto a funcionarios comunales dieron detalles del alcance de los anuncios a nivel municipal, a partir de los anuncios realizados ayer por el Comit\u00e9 Operativo de Emergencias (COE) vinculado a la habilitaci\u00f3n de comercios de distintos rubros y a la recreaci\u00f3n al aire libre. Ra\u00fal se\u00f1al\u00f3 que \"tenemos una clara decisi\u00f3n [&hellip;]<\/p>\n","protected":false},"author":1,"featured_media":250530,"comment_status":"open","ping_status":"open","sticky":false,"template":"","format":"standard","meta":{"_stopmodifiedupdate":false,"_modified_date":"","inline_featured_image":false,"spay_email":"","jetpack_publicize_message":""},"categories":[490],"tags":[],"jetpack_featured_media_url":"https:\/\/notinor.com\/jujuy\/wp-content\/uploads\/2020\/07\/588bb6450725985d84c55f75679ed9d6_XL.jpg","jetpack_publicize_connections":[],"_links":{"self":[{"href":"https:\/\/notinor.com\/jujuy\/wp-json\/wp\/v2\/posts\/250528"}],"collection":[{"href":"https:\/\/notinor.com\/jujuy\/wp-json\/wp\/v2\/posts"}],"about":[{"href":"https:\/\/notinor.com\/jujuy\/wp-json\/wp\/v2\/types\/post"}],"author":[{"embeddable":true,"href":"https:\/\/notinor.com\/jujuy\/wp-json\/wp\/v2\/users\/1"}],"replies":[{"embeddable":true,"href":"https:\/\/notinor.com\/jujuy\/wp-json\/wp\/v2\/comments?post=250528"}],"version-history":[{"count":1,"href":"https:\/\/notinor.com\/jujuy\/wp-json\/wp\/v2\/posts\/250528\/revisions"}],"predecessor-version":[{"id":250532,"href":"https:\/\/notinor.com\/jujuy\/wp-json\/wp\/v2\/posts\/250528\/revisions\/250532"}],"wp:featuredmedia":[{"embeddable":true,"href":"https:\/\/notinor.com\/jujuy\/wp-json\/wp\/v2\/media\/250530"}],"wp:attachment":[{"href":"https:\/\/notinor.com\/jujuy\/wp-json\/wp\/v2\/media?parent=250528"}],"wp:term":[{"taxonomy":"category","embeddable":true,"href":"https:\/\/notinor.com\/jujuy\/wp-json\/wp\/v2\/categories?post=250528"},{"taxonomy":"post_tag","embeddable":true,"href":"https:\/\/notinor.com\/jujuy\/wp-json\/wp\/v2\/tags?post=250528"}],"curies":[{"name":"wp","href":"https:\/\/api.w.org\/{rel}","templated":true}]}}