{"id":2502,"date":"2014-10-26T07:37:49","date_gmt":"2014-10-26T07:37:49","guid":{"rendered":"http:\/\/notinor.com\/jujuy\/?p=2502"},"modified":"2014-10-26T07:37:49","modified_gmt":"2014-10-26T07:37:49","slug":"historico-pechito-lopez-es-campeon-en-el-wtcc","status":"publish","type":"post","link":"https:\/\/notinor.com\/jujuy\/historico-pechito-lopez-es-campeon-en-el-wtcc\/","title":{"rendered":"Hist\u00f3rico: \"Pechito\" L\u00f3pez es campe\u00f3n en el WTCC"},"content":{"rendered":"<p style=\"text-align: justify;\">El argentino triunf\u00f3 en el circuito de Suzuka y gan\u00f3 un titulo mundial de automovilismo desde el quinto t\u00edtulo de F1 conseguido por el \u00eddolo Juan Manuel Fangio.<\/p>\n<p><!--more--><\/p>\n<p>El cordob\u00e9s Jos\u00e9 Mar\u00eda \"Pechito\" L\u00f3pez, a bordo de un Citroen C-Elisee, gan\u00f3 la onceava carrera en el circuito de Suzuka y un argentino volvi\u00f3 a ser campe\u00f3n del mundo en automovilismo. Tambi\u00e9n es el primer campeonato para un latinoamericano desde el tricampeonato de F1 que obtuvo Ayrton Senna en 1991.<\/p>\n<p>L\u00f3pez hab\u00eda arrancado desde la pole position se encontraba a 94 puntos de su \"coequiper\" y escolta, el actual campe\u00f3n alem\u00e1n Yvan Muller, quien<b>abandon\u00f3 a mitad de la carrera<\/b>, asegurando el campeonato para el cordob\u00e9s.<\/p>\n<p>El corredor nacido en R\u00edo Tercero result\u00f3 ganador en nueve carreras en su primera temporada en el WTCC y se aseguraba el campeonato si terminaba entre los cuatro primeros de la competencia inicial de la jornada, disputada a once giros.<\/p>\n<p>Mientras \"Soy Cordob\u00e9s\", del Potro Rodrigo, sonaba en la pista nipona, Pechito L\u00f3pez cont\u00f3 sus sensaciones ni bien se baj\u00f3 del auto y se confirm\u00f3 que era campe\u00f3n del WTCC: \"<b>No puedo creerlo, <\/b>quiero agradecerr al equipo, estoy aqui por ellos. Nunca pens\u00e9 en este campeonato. Para m\u00ed es tan importante, <b>no pude siquiera imaginarlo\". <\/b><\/p>\n","protected":false},"excerpt":{"rendered":"<p>El argentino triunf\u00f3 en el circuito de Suzuka y gan\u00f3 un titulo mundial de automovilismo desde el quinto t\u00edtulo de F1 conseguido por el \u00eddolo Juan Manuel Fangio.<\/p>\n","protected":false},"author":1,"featured_media":2503,"comment_status":"open","ping_status":"open","sticky":false,"template":"","format":"standard","meta":{"_stopmodifiedupdate":false,"_modified_date":"","inline_featured_image":false,"spay_email":"","jetpack_publicize_message":""},"categories":[7],"tags":[],"jetpack_featured_media_url":"https:\/\/notinor.com\/jujuy\/wp-content\/uploads\/2014\/10\/pechito.jpg","jetpack_publicize_connections":[],"_links":{"self":[{"href":"https:\/\/notinor.com\/jujuy\/wp-json\/wp\/v2\/posts\/2502"}],"collection":[{"href":"https:\/\/notinor.com\/jujuy\/wp-json\/wp\/v2\/posts"}],"about":[{"href":"https:\/\/notinor.com\/jujuy\/wp-json\/wp\/v2\/types\/post"}],"author":[{"embeddable":true,"href":"https:\/\/notinor.com\/jujuy\/wp-json\/wp\/v2\/users\/1"}],"replies":[{"embeddable":true,"href":"https:\/\/notinor.com\/jujuy\/wp-json\/wp\/v2\/comments?post=2502"}],"version-history":[{"count":1,"href":"https:\/\/notinor.com\/jujuy\/wp-json\/wp\/v2\/posts\/2502\/revisions"}],"predecessor-version":[{"id":2504,"href":"https:\/\/notinor.com\/jujuy\/wp-json\/wp\/v2\/posts\/2502\/revisions\/2504"}],"wp:featuredmedia":[{"embeddable":true,"href":"https:\/\/notinor.com\/jujuy\/wp-json\/wp\/v2\/media\/2503"}],"wp:attachment":[{"href":"https:\/\/notinor.com\/jujuy\/wp-json\/wp\/v2\/media?parent=2502"}],"wp:term":[{"taxonomy":"category","embeddable":true,"href":"https:\/\/notinor.com\/jujuy\/wp-json\/wp\/v2\/categories?post=2502"},{"taxonomy":"post_tag","embeddable":true,"href":"https:\/\/notinor.com\/jujuy\/wp-json\/wp\/v2\/tags?post=2502"}],"curies":[{"name":"wp","href":"https:\/\/api.w.org\/{rel}","templated":true}]}}