{"id":249910,"date":"2020-07-03T21:13:02","date_gmt":"2020-07-04T00:13:02","guid":{"rendered":"https:\/\/notinor.com\/jujuy\/?p=249910"},"modified":"2020-07-03T21:16:42","modified_gmt":"2020-07-04T00:16:42","slug":"en-jujuy-se-realizo-la-primer-feria-virtual-para-emprendedores","status":"publish","type":"post","link":"https:\/\/notinor.com\/jujuy\/en-jujuy-se-realizo-la-primer-feria-virtual-para-emprendedores\/","title":{"rendered":"En jujuy se realiz\u00f3 la primer feria virtual para emprendedores"},"content":{"rendered":"\n<p><\/p>\n\n\n\n<p>En el d\u00eda de ayer, el Centro Vecinal Bajo la Vi\u00f1a organiz\u00f3 la primera feria virtual para emprendedores juje\u00f1os. Tuvo una duraci\u00f3n de 12 horas.<\/p>\n\n\n\n<p> \u201cLa iniciativa surgi\u00f3 como una alternativa en estos tiempos de pandemia, para que los emprendedores puedan dar mas visibilidad a sus productos y activar sus ventas. Hace un tiempo creamos un grupo de emprendedores en WhatsApp y tuvo muy buena repercusi\u00f3n, esta idea fue replicada por otros Barrios y as\u00ed logramos tejer redes de colaboraci\u00f3n entre los vecinos\" expres\u00f3, La Presidente del Centro Vecinal Virginia Frias.<\/p>\n\n\n\n<p>Tambi\u00e9n indic\u00f3 \" la prioridad hoy es cuidarnos y quedarnos en casa y as\u00ed surgi\u00f3 la idea de organizar nuestro \u201cPaseo La Vi\u00f1a\u201d de manera virtual y creamos este espacio de participaci\u00f3n gratuito y Abierto a emprendedores de toda la ciudad\".<\/p>\n\n\n\n<p> Concluy\u00f3 diciendo, \"fue una hermosa experiencia, hubo mucha repercusi\u00f3n y lo m\u00e1s importante, los emprendedores pudieron mostrar sus productos, darse a conocer y hacer crecer sus ventas.Vamos a repetir esta experiencia y seguramente iremos mejorando las propuestas, adapt\u00e1ndonos a los tiempos que nos tocan vivir\", manifest\u00f3 Frias,  vecinalista del barrio Bajo la Vi\u00f1a.<\/p>\n\n\n\n<figure class=\"is-layout-flex wp-block-gallery-1 wp-block-gallery columns-1 is-cropped\"><ul class=\"blocks-gallery-grid\"><li class=\"blocks-gallery-item\"><figure><img decoding=\"async\" loading=\"lazy\" width=\"512\" height=\"285\" src=\"https:\/\/notinor.com\/jujuy\/wp-content\/uploads\/2020\/07\/VIR-1.jpg\" alt=\"\" data-id=\"249918\" data-full-url=\"https:\/\/i1.wp.com\/notinor.com\/jujuy\/wp-content\/uploads\/2020\/07\/VIR-1.jpg?fit=512%2C285&amp;ssl=1\" data-link=\"https:\/\/notinor.com\/jujuy\/?attachment_id=249918\" class=\"wp-image-249918\"\/><figcaption class=\"blocks-gallery-item__caption\">VIRGINIA FRIAS -   Presidente del Centro Vecinal Bajo la Vi\u00f1a<\/figcaption><\/figure><\/li><\/ul><\/figure>\n","protected":false},"excerpt":{"rendered":"<p>En el d\u00eda de ayer, el Centro Vecinal Bajo la Vi\u00f1a organiz\u00f3 la primera feria virtual para emprendedores juje\u00f1os. Tuvo una duraci\u00f3n de 12 horas. \u201cLa iniciativa surgi\u00f3 como una alternativa en estos tiempos de pandemia, para que los emprendedores puedan dar mas visibilidad a sus productos y activar sus ventas. Hace un tiempo creamos [&hellip;]<\/p>\n","protected":false},"author":1,"featured_media":249919,"comment_status":"open","ping_status":"open","sticky":false,"template":"","format":"standard","meta":{"_stopmodifiedupdate":false,"_modified_date":"","inline_featured_image":false,"spay_email":"","jetpack_publicize_message":""},"categories":[490,13],"tags":[],"jetpack_featured_media_url":"https:\/\/notinor.com\/jujuy\/wp-content\/uploads\/2020\/07\/bajo.jpeg","jetpack_publicize_connections":[],"_links":{"self":[{"href":"https:\/\/notinor.com\/jujuy\/wp-json\/wp\/v2\/posts\/249910"}],"collection":[{"href":"https:\/\/notinor.com\/jujuy\/wp-json\/wp\/v2\/posts"}],"about":[{"href":"https:\/\/notinor.com\/jujuy\/wp-json\/wp\/v2\/types\/post"}],"author":[{"embeddable":true,"href":"https:\/\/notinor.com\/jujuy\/wp-json\/wp\/v2\/users\/1"}],"replies":[{"embeddable":true,"href":"https:\/\/notinor.com\/jujuy\/wp-json\/wp\/v2\/comments?post=249910"}],"version-history":[{"count":2,"href":"https:\/\/notinor.com\/jujuy\/wp-json\/wp\/v2\/posts\/249910\/revisions"}],"predecessor-version":[{"id":249921,"href":"https:\/\/notinor.com\/jujuy\/wp-json\/wp\/v2\/posts\/249910\/revisions\/249921"}],"wp:featuredmedia":[{"embeddable":true,"href":"https:\/\/notinor.com\/jujuy\/wp-json\/wp\/v2\/media\/249919"}],"wp:attachment":[{"href":"https:\/\/notinor.com\/jujuy\/wp-json\/wp\/v2\/media?parent=249910"}],"wp:term":[{"taxonomy":"category","embeddable":true,"href":"https:\/\/notinor.com\/jujuy\/wp-json\/wp\/v2\/categories?post=249910"},{"taxonomy":"post_tag","embeddable":true,"href":"https:\/\/notinor.com\/jujuy\/wp-json\/wp\/v2\/tags?post=249910"}],"curies":[{"name":"wp","href":"https:\/\/api.w.org\/{rel}","templated":true}]}}