{"id":249816,"date":"2020-07-03T18:21:09","date_gmt":"2020-07-03T21:21:09","guid":{"rendered":"https:\/\/notinor.com\/jujuy\/?p=249816"},"modified":"2020-07-03T18:21:19","modified_gmt":"2020-07-03T21:21:19","slug":"pedro-pascuttini-hizo-referencia-al-sector-tabacalero-y-al-momento-que-estan-atravesando","status":"publish","type":"post","link":"https:\/\/notinor.com\/jujuy\/pedro-pascuttini-hizo-referencia-al-sector-tabacalero-y-al-momento-que-estan-atravesando\/","title":{"rendered":"Pedro Pascuttini, hizo referencia al sector tabacalero y al momento que est\u00e1n atravesando"},"content":{"rendered":"\n<figure class=\"is-layout-flex wp-block-gallery-1 wp-block-gallery columns-1 is-cropped\"><ul class=\"blocks-gallery-grid\"><li class=\"blocks-gallery-item\"><figure><img decoding=\"async\" loading=\"lazy\" width=\"212\" height=\"238\" src=\"https:\/\/notinor.com\/jujuy\/wp-content\/uploads\/2020\/07\/tabaco-2.jpg\" alt=\"\" data-id=\"249828\" data-full-url=\"https:\/\/i0.wp.com\/notinor.com\/jujuy\/wp-content\/uploads\/2020\/07\/tabaco-2.jpg?fit=212%2C238&amp;ssl=1\" data-link=\"https:\/\/notinor.com\/jujuy\/?attachment_id=249828\" class=\"wp-image-249828\"\/><figcaption class=\"blocks-gallery-item__caption\">PEDRO PASCUTTINI, TITULAR DE LA C\u00c1MARA DEL TABACO DE JUJUY.<\/figcaption><\/figure><\/li><\/ul><\/figure>\n\n\n\n<p>Pedro Pascuttini, el presidente de la C\u00e1mara del Tabaco de Jujuy. Fue consultado sobre algunos factores que se modificaron o se vieron afgectados  en el sector  tabacalero por el covid-19 en la provincia de Jujuy. <\/p>\n\n\n\n<p>Ante el desarrollo de campa\u00f1a de este a\u00f1o, dijo \"elobjetivo de la C\u00e1mara del Tabaco es hacer todo lo que sea posible para seguir produciendo. Y para ello es necesario que el productor cuente con los recursos necesarios, y hoy por hoy con lo \u00fanico que cuenta es con el Fondo Especial. Pero, m\u00e1s all\u00e1 de ello, tambi\u00e9n se solicit\u00f3 a los compradores que pre-asistan en lo que hace a todos los insumos, como as\u00ed en cuestiones de dinero. Es necesario que el productor tenga estos recursos para poder ir afrontando e iniciando con toda la normalidad posible y necesaria para realizar la producci\u00f3n...En ese sentido vemos con mucha preocupaci\u00f3n lo que es el Covid-19. Por lo tanto, la C\u00e1mara present\u00f3 al ministro de la Producci\u00f3n y a las autoridades sanitarias, los protocolos de funcionamiento de C\u00e1mara y de producci\u00f3n de la actividad tabacalera para la presente campa\u00f1a. Todo esto va acompa\u00f1ado precisamente con los cuidados y sobre todo las previsiones que debemos tener para darle la mayor seguridad posible a nuestros productores cuando est\u00e9n en plena plantaci\u00f3n y labranzas de todas las tareas de la actividad, y sobre todo tambi\u00e9n de la cosecha. Todo esto que venimos haciendo y tambi\u00e9n en otros temas, hemos solicitado nuevos recursos del FET por el mes de mayo y junio correspondiente a este ejercicio\"<\/p>\n\n\n\n<p>En cuanto a la ilegalidad de la producci\u00f3n, venta de cigarrillos y las medidas cautelares de alguna industria tabacalera, opin\u00f3  \"en cuanto a la ilegalidad, digo que con toda esta tragedia que significa el Covid-19 se agrav\u00f3 m\u00e1s a\u00fan y groseramente en lo que hace a la venta ilegal y en lo que hace al contrabando, por cuanto en esa figura no existe tributaci\u00f3n alguna y mucho menos ni un centavo de pago a lo que corresponde a impuesto interno, sino tambi\u00e9n por todo lo que significa la venta de los cigarrillos, con enormes y siderales da\u00f1os y perjuicios econ\u00f3micos para la Naci\u00f3n, para la Provincia, para los productores.<\/p>\n\n\n\n<p>Y esto por qu\u00e9: porque con el crecimiento a niveles exponenciales, hoy se est\u00e1 hablando de un 25% de lo que es el mercado de la venta ilegal de cigarrillos, tenemos menos venta legal, por lo tanto tenemos menos recaudaci\u00f3n, menos circulaci\u00f3n econ\u00f3mica-social, por lo tanto hay menos ingresos, menos recursos, menos pesos para el Estado nacional y que lo dedique a la salud, al Anses y a los fines propios del Estado. Menos ingresos para las provincias que coparticipan de estos impuestos internos en lo que hace al IVA e Ingresos Brutos. Menos ingresos para los productores, que no solamente son destinados a la producci\u00f3n, sino sobre todo a que va a dar trabajo a la mano de obra, a generar precisamente las divisas y todos esos ingresos que la Naci\u00f3n obtiene por las exportaciones de tabaco, que en un 85% se hace internacionalmente.<\/p>\n\n\n\n<p>Y todo esto produce menos generaci\u00f3n econ\u00f3mica-social por el circuito propio de la actividad tabacalera. Por eso estamos en desacuerdo total y absoluto por el otorgamiento de estos amparos cautelares \u201cin eternum\u201d como viene sucediendo. En nuestra opini\u00f3n, estas medidas concedidas sin tener en cuenta la verdad legal y real, constituyen una aberraci\u00f3n jur\u00eddica. Por eso vamos a seguir realizando todas las gestiones como C\u00e1mara del Tabaco de Jujuy y tambi\u00e9n a nivel de Federaci\u00f3n, para que esto sea corregido definitivamente y se eviten esos da\u00f1os y perjuicios que ya son hoy irreversibles\".<\/p>\n\n\n\n<p>Finaliz\u00f3, haciendo referencia al contrabando,expres\u00f3\" el contrabando puede ser internacional, como ocurre con lo que proviene de Paraguay o bien tambi\u00e9n la fabricaci\u00f3n o falsificaci\u00f3n ilegal nacional, estas dos \u00faltimas que son las dos fuentes directas. Hay falsificaci\u00f3n y tambi\u00e9n fabricaci\u00f3n ilegal m\u00e1s all\u00e1 del contrabando. Finalmente quiero decir que la C\u00e1mara est\u00e1 en permanente disposici\u00f3n para todas las necesidades de los productores, para eso tambi\u00e9n tenemos una guardia permanente en la C\u00e1mara y poder atender sus cuestiones, seguir a su lado, y vamos a seguir luchando, buscando la forma de salir de esta situaci\u00f3n. Entendemos que son momentos dif\u00edciles pero debemos respetar todas las recomendaciones sanitarias, pero seguir trabajando con firmeza\" <\/p>\n\n\n\n<p><\/p>\n\n\n\n<p><\/p>\n\n\n\n<p><\/p>\n\n\n\n<p><\/p>\n\n\n\n<p><\/p>\n","protected":false},"excerpt":{"rendered":"<p>Pedro Pascuttini, el presidente de la C\u00e1mara del Tabaco de Jujuy. Fue consultado sobre algunos factores que se modificaron o se vieron afgectados en el sector tabacalero por el covid-19 en la provincia de Jujuy. Ante el desarrollo de campa\u00f1a de este a\u00f1o, dijo \"elobjetivo de la C\u00e1mara del Tabaco es hacer todo lo que [&hellip;]<\/p>\n","protected":false},"author":1,"featured_media":249827,"comment_status":"open","ping_status":"open","sticky":false,"template":"","format":"standard","meta":{"_stopmodifiedupdate":false,"_modified_date":"","inline_featured_image":false,"spay_email":"","jetpack_publicize_message":""},"categories":[490,676],"tags":[],"jetpack_featured_media_url":"https:\/\/notinor.com\/jujuy\/wp-content\/uploads\/2020\/07\/tabaco.jpg","jetpack_publicize_connections":[],"_links":{"self":[{"href":"https:\/\/notinor.com\/jujuy\/wp-json\/wp\/v2\/posts\/249816"}],"collection":[{"href":"https:\/\/notinor.com\/jujuy\/wp-json\/wp\/v2\/posts"}],"about":[{"href":"https:\/\/notinor.com\/jujuy\/wp-json\/wp\/v2\/types\/post"}],"author":[{"embeddable":true,"href":"https:\/\/notinor.com\/jujuy\/wp-json\/wp\/v2\/users\/1"}],"replies":[{"embeddable":true,"href":"https:\/\/notinor.com\/jujuy\/wp-json\/wp\/v2\/comments?post=249816"}],"version-history":[{"count":1,"href":"https:\/\/notinor.com\/jujuy\/wp-json\/wp\/v2\/posts\/249816\/revisions"}],"predecessor-version":[{"id":249834,"href":"https:\/\/notinor.com\/jujuy\/wp-json\/wp\/v2\/posts\/249816\/revisions\/249834"}],"wp:featuredmedia":[{"embeddable":true,"href":"https:\/\/notinor.com\/jujuy\/wp-json\/wp\/v2\/media\/249827"}],"wp:attachment":[{"href":"https:\/\/notinor.com\/jujuy\/wp-json\/wp\/v2\/media?parent=249816"}],"wp:term":[{"taxonomy":"category","embeddable":true,"href":"https:\/\/notinor.com\/jujuy\/wp-json\/wp\/v2\/categories?post=249816"},{"taxonomy":"post_tag","embeddable":true,"href":"https:\/\/notinor.com\/jujuy\/wp-json\/wp\/v2\/tags?post=249816"}],"curies":[{"name":"wp","href":"https:\/\/api.w.org\/{rel}","templated":true}]}}