{"id":249562,"date":"2020-07-02T17:10:17","date_gmt":"2020-07-02T20:10:17","guid":{"rendered":"https:\/\/notinor.com\/jujuy\/?p=249562"},"modified":"2020-07-02T17:10:33","modified_gmt":"2020-07-02T20:10:33","slug":"obras-en-calidad","status":"publish","type":"post","link":"https:\/\/notinor.com\/jujuy\/obras-en-calidad\/","title":{"rendered":"\"Obras en calidad\""},"content":{"rendered":"\n<h5 class=\"has-very-dark-gray-color has-text-color\">Esta muestra se origina con la finalidad de presentar obras en calidad<\/h5>\n\n\n\n<h5 class=\"has-very-dark-gray-color has-text-color\">Artistas visuales Juje\u00f1os ( Fabricio Carrizo y F\u00e9lix Lamas\u200b). Presentan Obras de calidad dibujo y pintura que comparten un suelo en com\u00fan. <\/h5>\n\n\n\n<figure class=\"wp-block-image size-large\"><img decoding=\"async\" loading=\"lazy\" width=\"213\" height=\"300\" src=\"https:\/\/notinor.com\/jujuy\/wp-content\/uploads\/2020\/07\/WhatsApp-Image-2020-06-10-at-00.33.52-213x300-1.jpeg\" alt=\"\" class=\"wp-image-249567\"\/><\/figure>\n\n\n\n<h5 class=\"has-very-dark-gray-color has-text-color\">La idiosincrasia y las diferentes configuraciones pl\u00e1sticas desplegadas a trav\u00e9s de una pr\u00e1ctica perceptiva que termina por desarrollar aspectos cruciales en las formas en que se representa el sentir de los pueblos en sus diferentes variantes pl\u00e1sticos simb\u00f3licas.<\/h5>\n\n\n\n<div class=\"is-layout-flow wp-block-group\"><div class=\"wp-block-group__inner-container\">\n<figure class=\"wp-block-image size-large\"><img decoding=\"async\" loading=\"lazy\" width=\"212\" height=\"300\" src=\"https:\/\/notinor.com\/jujuy\/wp-content\/uploads\/2020\/07\/WhatsApp-Image-2020-06-10-at-00.33.59-212x300-1.jpeg\" alt=\"\" class=\"wp-image-249564\"\/><\/figure>\n<\/div><\/div>\n\n\n\n<h5 class=\"has-very-dark-gray-color has-text-color\"><br>Con esto se busca replantear un lenguaje f\u00e1cil de entender a trav\u00e9s de la imagen visual que comprometa al espectador com\u00fan a asociarse a la creaci\u00f3n art\u00edstica.<\/h5>\n\n\n\n<figure class=\"wp-block-image size-large\"><img decoding=\"async\" loading=\"lazy\" width=\"216\" height=\"300\" src=\"https:\/\/notinor.com\/jujuy\/wp-content\/uploads\/2020\/07\/WhatsApp-Image-2020-06-10-at-00.33.58-1-216x300-2.jpeg\" alt=\"\" class=\"wp-image-249566\"\/><\/figure>\n\n\n\n<h5 class=\"has-very-dark-gray-color has-text-color\"> Mediante una lectura clara del arraigo social y de la idiosincrasia cultural que nos atraviesa como parte de los pueblos originarios de Am\u00e9rica.<\/h5>\n","protected":false},"excerpt":{"rendered":"<p>Esta muestra se origina con la finalidad de presentar obras en calidad Artistas visuales Juje\u00f1os ( Fabricio Carrizo y F\u00e9lix Lamas\u200b). Presentan Obras de calidad dibujo y pintura que comparten un suelo en com\u00fan. La idiosincrasia y las diferentes configuraciones pl\u00e1sticas desplegadas a trav\u00e9s de una pr\u00e1ctica perceptiva que termina por desarrollar aspectos cruciales en [&hellip;]<\/p>\n","protected":false},"author":1,"featured_media":249569,"comment_status":"open","ping_status":"open","sticky":false,"template":"","format":"standard","meta":{"_stopmodifiedupdate":false,"_modified_date":"","inline_featured_image":false,"spay_email":"","jetpack_publicize_message":""},"categories":[2],"tags":[],"jetpack_featured_media_url":"https:\/\/notinor.com\/jujuy\/wp-content\/uploads\/2020\/07\/WhatsApp-Image-2020-06-10-at-00.33.58-1-216x300-3.jpeg","jetpack_publicize_connections":[],"_links":{"self":[{"href":"https:\/\/notinor.com\/jujuy\/wp-json\/wp\/v2\/posts\/249562"}],"collection":[{"href":"https:\/\/notinor.com\/jujuy\/wp-json\/wp\/v2\/posts"}],"about":[{"href":"https:\/\/notinor.com\/jujuy\/wp-json\/wp\/v2\/types\/post"}],"author":[{"embeddable":true,"href":"https:\/\/notinor.com\/jujuy\/wp-json\/wp\/v2\/users\/1"}],"replies":[{"embeddable":true,"href":"https:\/\/notinor.com\/jujuy\/wp-json\/wp\/v2\/comments?post=249562"}],"version-history":[{"count":1,"href":"https:\/\/notinor.com\/jujuy\/wp-json\/wp\/v2\/posts\/249562\/revisions"}],"predecessor-version":[{"id":249571,"href":"https:\/\/notinor.com\/jujuy\/wp-json\/wp\/v2\/posts\/249562\/revisions\/249571"}],"wp:featuredmedia":[{"embeddable":true,"href":"https:\/\/notinor.com\/jujuy\/wp-json\/wp\/v2\/media\/249569"}],"wp:attachment":[{"href":"https:\/\/notinor.com\/jujuy\/wp-json\/wp\/v2\/media?parent=249562"}],"wp:term":[{"taxonomy":"category","embeddable":true,"href":"https:\/\/notinor.com\/jujuy\/wp-json\/wp\/v2\/categories?post=249562"},{"taxonomy":"post_tag","embeddable":true,"href":"https:\/\/notinor.com\/jujuy\/wp-json\/wp\/v2\/tags?post=249562"}],"curies":[{"name":"wp","href":"https:\/\/api.w.org\/{rel}","templated":true}]}}