{"id":249554,"date":"2020-07-02T16:41:03","date_gmt":"2020-07-02T19:41:03","guid":{"rendered":"https:\/\/notinor.com\/jujuy\/?p=249554"},"modified":"2020-07-02T17:04:44","modified_gmt":"2020-07-02T20:04:44","slug":"hermosas-muestras-fotograficas-de-nuestro-jujuy-antiguo","status":"publish","type":"post","link":"https:\/\/notinor.com\/jujuy\/hermosas-muestras-fotograficas-de-nuestro-jujuy-antiguo\/","title":{"rendered":"Hermosas muestras fotogr\u00e1ficas de Nuestro \"Jujuy Antiguo\""},"content":{"rendered":"\n<p>Se muestran fotograf\u00edas de San Salvador de Jujuy, a principio de este siglo<\/p>\n\n\n\n<p>En el marco de la celebraci\u00f3n de los 100 a\u00f1os del Cine Select se realiza una muestra fotogr\u00e1fica. Paisajes urbanos, calles, fachadas, verjas, molduras, retratan un excepcional patrimonio arquitect\u00f3nico, urban\u00edstico y paisaj\u00edstico de una ciudad que acelera su crecimiento y su construcci\u00f3n, definiendo una identidad y un patrimonio que el ciudadano hoy siente propio. <\/p>\n\n\n\n<p> La idea fue reflejar aquella ciudad de principios del siglo XX, que acun\u00f3 a los capitalinos. <br>Algunos de esos patrimonios ya no est\u00e1n, por lo que esta muestra, al mismo tiempo que recrea ausencias, nos hace reflexionar sobre la preservaci\u00f3n y la constante transformaci\u00f3n de la ciudad, es fr\u00e1gil equilibrio que construimos cada d\u00eda entre todos los habitantes de la ciudad. <\/p>\n\n\n\n<figure class=\"wp-block-image size-large is-resized\"><img decoding=\"async\" loading=\"lazy\" src=\"https:\/\/notinor.com\/jujuy\/wp-content\/uploads\/2020\/07\/ESTACION-BELGRANO-POSTA-1-300x143-1.jpg\" alt=\"\" class=\"wp-image-249555\" width=\"588\" height=\"280\"\/><figcaption>Estaci\u00f3n-Belgrano<\/figcaption><\/figure>\n\n\n\n<figure class=\"wp-block-image size-large is-resized\"><img decoding=\"async\" loading=\"lazy\" src=\"https:\/\/notinor.com\/jujuy\/wp-content\/uploads\/2020\/07\/IGLESIA-CATEDRAL-2-1-300x179-1.jpg\" alt=\"\" class=\"wp-image-249556\" width=\"592\" height=\"353\"\/><figcaption>Iglesia-Catedral<\/figcaption><\/figure>\n\n\n\n<figure class=\"wp-block-image size-large is-resized\"><img decoding=\"async\" loading=\"lazy\" src=\"https:\/\/notinor.com\/jujuy\/wp-content\/uploads\/2020\/07\/PLAZOLETA-23-DE-AGOSTO-1-300x185-1.jpg\" alt=\"\" class=\"wp-image-249557\" width=\"592\" height=\"365\"\/><figcaption>Plazoleta 23 de Agosto <\/figcaption><\/figure>\n\n\n\n<figure class=\"wp-block-image size-large is-resized\"><img decoding=\"async\" loading=\"lazy\" src=\"https:\/\/notinor.com\/jujuy\/wp-content\/uploads\/2020\/07\/CASA-DE-GOBIERNO-5-1-300x202-1.jpg\" alt=\"\" class=\"wp-image-249558\" width=\"595\" height=\"401\"\/><figcaption>Casa de Gobierno<\/figcaption><\/figure>\n\n\n\n<figure class=\"wp-block-image size-large is-resized\"><img decoding=\"async\" loading=\"lazy\" src=\"https:\/\/notinor.com\/jujuy\/wp-content\/uploads\/2020\/07\/BELGRANO-ESQUINA-SARMIENTO-5-1-300x172-1.jpg\" alt=\"\" class=\"wp-image-249560\" width=\"598\" height=\"343\"\/><figcaption>Belgrano-Esquina-Sarmiento<\/figcaption><\/figure>\n\n\n\n<p>Podr\u00e1s apreciar las fotograf\u00edas en el micrositio de Cultura de la Municipalidad de San Salvador de Jujuy    <a href=\"http:\/\/www.culturamunijujuy.gob.ar\/\">http:\/\/www.culturamunijujuy.gob.ar\/<\/a> <\/p>\n","protected":false},"excerpt":{"rendered":"<p>Se muestran fotograf\u00edas de San Salvador de Jujuy, a principio de este siglo En el marco de la celebraci\u00f3n de los 100 a\u00f1os del Cine Select se realiza una muestra fotogr\u00e1fica. Paisajes urbanos, calles, fachadas, verjas, molduras, retratan un excepcional patrimonio arquitect\u00f3nico, urban\u00edstico y paisaj\u00edstico de una ciudad que acelera su crecimiento y su construcci\u00f3n, [&hellip;]<\/p>\n","protected":false},"author":1,"featured_media":249560,"comment_status":"open","ping_status":"open","sticky":false,"template":"","format":"standard","meta":{"_stopmodifiedupdate":false,"_modified_date":"","inline_featured_image":false,"spay_email":"","jetpack_publicize_message":""},"categories":[2],"tags":[],"jetpack_featured_media_url":"https:\/\/notinor.com\/jujuy\/wp-content\/uploads\/2020\/07\/BELGRANO-ESQUINA-SARMIENTO-5-1-300x172-1.jpg","jetpack_publicize_connections":[],"_links":{"self":[{"href":"https:\/\/notinor.com\/jujuy\/wp-json\/wp\/v2\/posts\/249554"}],"collection":[{"href":"https:\/\/notinor.com\/jujuy\/wp-json\/wp\/v2\/posts"}],"about":[{"href":"https:\/\/notinor.com\/jujuy\/wp-json\/wp\/v2\/types\/post"}],"author":[{"embeddable":true,"href":"https:\/\/notinor.com\/jujuy\/wp-json\/wp\/v2\/users\/1"}],"replies":[{"embeddable":true,"href":"https:\/\/notinor.com\/jujuy\/wp-json\/wp\/v2\/comments?post=249554"}],"version-history":[{"count":2,"href":"https:\/\/notinor.com\/jujuy\/wp-json\/wp\/v2\/posts\/249554\/revisions"}],"predecessor-version":[{"id":249568,"href":"https:\/\/notinor.com\/jujuy\/wp-json\/wp\/v2\/posts\/249554\/revisions\/249568"}],"wp:featuredmedia":[{"embeddable":true,"href":"https:\/\/notinor.com\/jujuy\/wp-json\/wp\/v2\/media\/249560"}],"wp:attachment":[{"href":"https:\/\/notinor.com\/jujuy\/wp-json\/wp\/v2\/media?parent=249554"}],"wp:term":[{"taxonomy":"category","embeddable":true,"href":"https:\/\/notinor.com\/jujuy\/wp-json\/wp\/v2\/categories?post=249554"},{"taxonomy":"post_tag","embeddable":true,"href":"https:\/\/notinor.com\/jujuy\/wp-json\/wp\/v2\/tags?post=249554"}],"curies":[{"name":"wp","href":"https:\/\/api.w.org\/{rel}","templated":true}]}}