{"id":249550,"date":"2020-07-02T16:16:54","date_gmt":"2020-07-02T19:16:54","guid":{"rendered":"https:\/\/notinor.com\/jujuy\/?p=249550"},"modified":"2020-08-24T12:19:57","modified_gmt":"2020-08-24T15:19:57","slug":"les-depilan-las-piernas-a-mis-hijas","status":"publish","type":"post","link":"https:\/\/notinor.com\/jujuy\/les-depilan-las-piernas-a-mis-hijas\/","title":{"rendered":"\"Les depilan las piernas a mis hijas\""},"content":{"rendered":"\n<p>Dura acusaci\u00f3n de Nicole Neumann contra Fabi\u00e1n Cubero y Mica Viciconte.<\/p>\n\n\n\n<p>La batalla judicial entre\u00a0Nicole Neumann\u00a0(39) y\u00a0Fabi\u00e1n Cubero\u00a0(41) sum\u00f3 otro cap\u00edtulo en las \u00faltimas horas, cuando el padre de\u00a0Indiana\u00a0(11),\u00a0Allegra\u00a0(9) y\u00a0Sienna\u00a0(6) le hizo una demanda penal a su exesposa por no hab\u00e9rselas entregado como ten\u00edan pautado. El nuevo litigio provoc\u00f3 la bronca de la panelista de\u00a0Nosotros a la Ma\u00f1ana, quien habl\u00f3 del tema con\u00a0Ciudad.<\/p>\n\n\n\n<figure class=\"wp-block-image size-large\"><img decoding=\"async\" loading=\"lazy\" width=\"1366\" height=\"765\" src=\"https:\/\/i0.wp.com\/notinor.com\/jujuy\/wp-content\/uploads\/2020\/07\/nicolecubero.jpg_1902800913_0.jpg?fit=840%2C470&amp;ssl=1\" alt=\"\" class=\"wp-image-249551\" srcset=\"https:\/\/notinor.com\/jujuy\/wp-content\/uploads\/2020\/07\/nicolecubero.jpg_1902800913_0.jpg 1366w, https:\/\/notinor.com\/jujuy\/wp-content\/uploads\/2020\/07\/nicolecubero.jpg_1902800913_0-652x365.jpg 652w, https:\/\/notinor.com\/jujuy\/wp-content\/uploads\/2020\/07\/nicolecubero.jpg_1902800913_0-840x470.jpg 840w, https:\/\/notinor.com\/jujuy\/wp-content\/uploads\/2020\/07\/nicolecubero.jpg_1902800913_0-500x280.jpg 500w, https:\/\/notinor.com\/jujuy\/wp-content\/uploads\/2020\/07\/nicolecubero.jpg_1902800913_0-768x430.jpg 768w\" sizes=\"(max-width: 1366px) 100vw, 1366px\" \/><\/figure>\n\n\n\n<p>\u201cLa verdad es que Fabi\u00e1n me mand\u00f3 a hacer un hisopado por un dolor de panza o no me daba a mis hijas. Me lo hice y dio negativo, obvio. Entonces, le ped\u00ed a \u00e9l y su novia por los casos de Covid-19 confirmados donde ella trabaja (El Nueve) y porque mis hijas me cuentan que no toma los recaudos al volver del trabajo y est\u00e1n preocupadas. Y Fabi\u00e1n se neg\u00f3 a hacerse el hisopado\u201d, remont\u00f3 sobre el origen de la flamante discordia.<\/p>\n\n\n\n<p>Luego, Nicole aclar\u00f3: \u201cFabi\u00e1n tambi\u00e9n se neg\u00f3 a ver ma\u00f1ana en su cumplea\u00f1os a Sienna (6), incumpliendo el convenio firmado. Adem\u00e1s, ma\u00f1ana la menor tiene un turno importante en el m\u00e9dico que est\u00e1 enfrente a nuestra casa. Por lo cual, hoy las nenas no pudieron retirarse con Fabi\u00e1n. \u00c9l ya estaba al tanto de esto y tambi\u00e9n los abogados. Pero igual quiso ir a radicar una denuncia en mi contra. As\u00ed me hace una demanda por plata cada semana y tambi\u00e9n para bajarme la cuota alimentaria, para que yo pague el colegio y dem\u00e1s\u201d.<\/p>\n\n\n\n<blockquote class=\"wp-block-quote\"><p>\"LO \u00daNICO QUE QUIERO, ESPERO Y DESEO ES QUE ESTO SE TERMINE LO ANTES POSIBLE, SOBRE TODO POR EL BIEN DE MIS HIJAS. APARTE, PORQUE YO YA ESTOY AGOTADA REALMENTE. NO PUEDO M\u00c1S CON TODO ESTO\u201d.<\/p><\/blockquote>\n\n\n\n<p>Cansada y angustiada por las continuas peleas que escalan en los medios, Neumann reflexion\u00f3: \u201cLa verdad es que esto es agotador. Es doloroso que todo el tiempo est\u00e9n publicando todo en la prensa y que el padre no corte m\u00e1s con estas situaciones. No s\u00e9 c\u00f3mo va a terminar esto. Lo \u00fanico que quiero, espero y deseo es que esto se termine lo antes posible, sobre todo por el bien de mis hijas. Aparte, porque yo ya estoy agotada realmente. No puedo m\u00e1s con todo esto\u201d.<\/p>\n\n\n\n<figure class=\"wp-block-image size-large\"><img decoding=\"async\" loading=\"lazy\" width=\"580\" height=\"327\" src=\"https:\/\/notinor.com\/jujuy\/wp-content\/uploads\/2020\/07\/nicole_cubero_0.jpg\" alt=\"\" class=\"wp-image-249552\"\/><\/figure>\n\n\n\n<p>Por otra parte, Nicole tambi\u00e9n le cont\u00f3 detalles a\u00a0Karina Iav\u00edcoli\u00a0en\u00a0Los \u00c1ngeles de la Ma\u00f1ana\u00a0de lo que sus hijas le relataron sobre lo que suceder\u00eda en el hogar que comparten Cubero y Mica Viciconte: \u201cViven googleando, me lo cuentan mis hijas, para ver todo lo que hago y armar bardos medi\u00e1ticos conmigo. \u00bfQui\u00e9n habla de ella y su trabajo? Est\u00e1n obsesionados conmigo\u201d. Y acot\u00f3 enfurecida: \u201cLes depilan las piernas a mis hijas, (Allegra) de 9 y (Sienna) 5 a\u00f1os\u201d.<\/p>\n\n\n\n<p>\u201cMi hija de seis a\u00f1os le pidi\u00f3 (a Mica) que se ba\u00f1e y que se cambie la ropa, y M.V. le grit\u00f3: 'No tengo 12 a\u00f1os para que vos me digas lo que tengo que hacer. No me toques'. Estas situaciones son las que a m\u00ed me ponen muy mal y son las que hablo con mi abogado. Estoy podrida. Yo no puedo ir a trabajar, pero despu\u00e9s cuando les conviene s\u00ed tengo que ir a trabajar. Ella (por Mica) tampoco las ayuda con la tareas\u201d, enfatiz\u00f3 Nicole Neumann para desarrollar los problemas que mantiene con Fabi\u00e1n Cubero y Mica Viciconte.<\/p>\n","protected":false},"excerpt":{"rendered":"<p>Dura acusaci\u00f3n de Nicole Neumann contra Fabi\u00e1n Cubero y Mica Viciconte. La batalla judicial entre\u00a0Nicole Neumann\u00a0(39) y\u00a0Fabi\u00e1n Cubero\u00a0(41) sum\u00f3 otro cap\u00edtulo en las \u00faltimas horas, cuando el padre de\u00a0Indiana\u00a0(11),\u00a0Allegra\u00a0(9) y\u00a0Sienna\u00a0(6) le hizo una demanda penal a su exesposa por no hab\u00e9rselas entregado como ten\u00edan pautado. El nuevo litigio provoc\u00f3 la bronca de la panelista de\u00a0Nosotros [&hellip;]<\/p>\n","protected":false},"author":1,"featured_media":249552,"comment_status":"open","ping_status":"open","sticky":false,"template":"","format":"standard","meta":{"_stopmodifiedupdate":false,"_modified_date":"","inline_featured_image":false,"spay_email":"","jetpack_publicize_message":""},"categories":[21],"tags":[],"jetpack_featured_media_url":"https:\/\/notinor.com\/jujuy\/wp-content\/uploads\/2020\/07\/nicole_cubero_0.jpg","jetpack_publicize_connections":[],"_links":{"self":[{"href":"https:\/\/notinor.com\/jujuy\/wp-json\/wp\/v2\/posts\/249550"}],"collection":[{"href":"https:\/\/notinor.com\/jujuy\/wp-json\/wp\/v2\/posts"}],"about":[{"href":"https:\/\/notinor.com\/jujuy\/wp-json\/wp\/v2\/types\/post"}],"author":[{"embeddable":true,"href":"https:\/\/notinor.com\/jujuy\/wp-json\/wp\/v2\/users\/1"}],"replies":[{"embeddable":true,"href":"https:\/\/notinor.com\/jujuy\/wp-json\/wp\/v2\/comments?post=249550"}],"version-history":[{"count":1,"href":"https:\/\/notinor.com\/jujuy\/wp-json\/wp\/v2\/posts\/249550\/revisions"}],"predecessor-version":[{"id":249553,"href":"https:\/\/notinor.com\/jujuy\/wp-json\/wp\/v2\/posts\/249550\/revisions\/249553"}],"wp:featuredmedia":[{"embeddable":true,"href":"https:\/\/notinor.com\/jujuy\/wp-json\/wp\/v2\/media\/249552"}],"wp:attachment":[{"href":"https:\/\/notinor.com\/jujuy\/wp-json\/wp\/v2\/media?parent=249550"}],"wp:term":[{"taxonomy":"category","embeddable":true,"href":"https:\/\/notinor.com\/jujuy\/wp-json\/wp\/v2\/categories?post=249550"},{"taxonomy":"post_tag","embeddable":true,"href":"https:\/\/notinor.com\/jujuy\/wp-json\/wp\/v2\/tags?post=249550"}],"curies":[{"name":"wp","href":"https:\/\/api.w.org\/{rel}","templated":true}]}}