{"id":249546,"date":"2020-07-02T16:11:02","date_gmt":"2020-07-02T19:11:02","guid":{"rendered":"https:\/\/notinor.com\/jujuy\/?p=249546"},"modified":"2020-08-24T12:20:47","modified_gmt":"2020-08-24T15:20:47","slug":"angel-de-brito-feliz-al-ser-convocado-como-conductor-del-cantando-por-un-sueno-2020","status":"publish","type":"post","link":"https:\/\/notinor.com\/jujuy\/angel-de-brito-feliz-al-ser-convocado-como-conductor-del-cantando-por-un-sueno-2020\/","title":{"rendered":"\u00c1ngel de Brito, feliz al ser convocado como conductor del Cantando por un sue\u00f1o 2020"},"content":{"rendered":"\n<p> El periodista estar\u00e1 al frente del certamen y ya se dieron a conocer algunas de las figuras que dieron el s\u00ed. <\/p>\n\n\n\n<p>En un a\u00f1o signado por la pandemia de coronavirus, la productora de\u00a0Marcelo Tinelli\u00a0encontr\u00f3 una excelente manera de\u00a0volver\u00a0al ruedo: reeditar un \u00e9xito probado,\u00a0Cantando por un sue\u00f1o. Y a un ritmo vertiginoso se empieza a armar el dream team que cada vez est\u00e1 m\u00e1s cerca de calentar la pantalla.\u00a0 <\/p>\n\n\n\n<figure class=\"wp-block-image size-large\"><img decoding=\"async\" loading=\"lazy\" width=\"1200\" height=\"675\" src=\"https:\/\/i1.wp.com\/notinor.com\/jujuy\/wp-content\/uploads\/2020\/07\/0000129047.jpg?fit=840%2C473&amp;ssl=1\" alt=\"\" class=\"wp-image-249547\" srcset=\"https:\/\/notinor.com\/jujuy\/wp-content\/uploads\/2020\/07\/0000129047.jpg 1200w, https:\/\/notinor.com\/jujuy\/wp-content\/uploads\/2020\/07\/0000129047-649x365.jpg 649w, https:\/\/notinor.com\/jujuy\/wp-content\/uploads\/2020\/07\/0000129047-840x473.jpg 840w, https:\/\/notinor.com\/jujuy\/wp-content\/uploads\/2020\/07\/0000129047-500x280.jpg 500w, https:\/\/notinor.com\/jujuy\/wp-content\/uploads\/2020\/07\/0000129047-768x432.jpg 768w\" sizes=\"(max-width: 1200px) 100vw, 1200px\" \/><\/figure>\n\n\n\n<p>Por lo pronto, el certamen tiene a\u00a0\u00c1ngel de Brito\u00a0como conductor confirmado, dato que el periodista comparti\u00f3, exultante, en su cuenta de\u00a0Twitter.<\/p>\n\n\n\n<p>\u201c\u00a1Estoy feliz! Los esperamos muy pronto en el #Cantando2020 por @eltreceoficial\u201d, escribi\u00f3 \u00c1ngel, antes de agradecerle a Tinelli, a sus productores y a las autoridades de\u00a0el trece\u00a0por siempre confiar en \u00e9l para ocupar ese lugar.\u00a0<\/p>\n\n\n\n<p>Aparentemente, De Brito compartir\u00eda la conducci\u00f3n del ciclo junto con\u00a0Laurita Fern\u00e1ndez. Asimismo, ya hay dos figuras confirmadas para sacarse chispas frente al micr\u00f3fono y conquistar al jurado y a la audiencia, ocho a\u00f1os despu\u00e9s de su \u00faltima edici\u00f3n.<\/p>\n\n\n\n<p>\u201cHay cinco confirmados de los diecis\u00e9is, pero cualquiera puede entrar en alg\u00fan momento\u201d, dijo De Brito en\u00a0LAM\u00a0e inform\u00f3 que\u00a0Carmen Barbieri\u00a0es la primera figura en haber dado el s\u00ed.\u00a0<\/p>\n\n\n\n<blockquote class=\"wp-block-quote\"><p>\u201cLA SEGUNDA FIGURA ES MUY IMPORTANTE TAMBI\u00c9N. MUCHO \u00c9XITO EN LA TELE Y EN EL TEATRO. PROTAGONIZ\u00d3 UNO DE LOS M\u00c1S GRANDES \u00c9XITOS DE LA TELEVISI\u00d3N\".<\/p><\/blockquote>\n\n\n\n<p>\u201cLa segunda figura es muy importante tambi\u00e9n. Mucho \u00e9xito en la tele y en el teatro. Protagoniz\u00f3 uno de los m\u00e1s grandes \u00e9xitos de la televisi\u00f3n. Est\u00e1 confirmado, es actor, humorista: el se\u00f1or Miguel \u00c1ngel Rodr\u00edguez\u201d, agreg\u00f3.&nbsp;<\/p>\n\n\n\n<p>Por otra parte, el propio Marcelo le dijo v\u00eda Twitter que quiere a\u00a0Mariana Brey\u00a0y a\u00a0Yanina Latorre\u00a0como parte del Cantando. \u201cPor favor, deciles que est\u00e1n convocadas\u201d, dijo el alma m\u00e1ter de\u00a0La flia.\u00a0<\/p>\n","protected":false},"excerpt":{"rendered":"<p>El periodista estar\u00e1 al frente del certamen y ya se dieron a conocer algunas de las figuras que dieron el s\u00ed. En un a\u00f1o signado por la pandemia de coronavirus, la productora de\u00a0Marcelo Tinelli\u00a0encontr\u00f3 una excelente manera de\u00a0volver\u00a0al ruedo: reeditar un \u00e9xito probado,\u00a0Cantando por un sue\u00f1o. Y a un ritmo vertiginoso se empieza a armar [&hellip;]<\/p>\n","protected":false},"author":1,"featured_media":249548,"comment_status":"open","ping_status":"open","sticky":false,"template":"","format":"standard","meta":{"_stopmodifiedupdate":false,"_modified_date":"","inline_featured_image":false,"spay_email":"","jetpack_publicize_message":""},"categories":[21],"tags":[],"jetpack_featured_media_url":"https:\/\/notinor.com\/jujuy\/wp-content\/uploads\/2020\/07\/angel-de-brito-1.jpg","jetpack_publicize_connections":[],"_links":{"self":[{"href":"https:\/\/notinor.com\/jujuy\/wp-json\/wp\/v2\/posts\/249546"}],"collection":[{"href":"https:\/\/notinor.com\/jujuy\/wp-json\/wp\/v2\/posts"}],"about":[{"href":"https:\/\/notinor.com\/jujuy\/wp-json\/wp\/v2\/types\/post"}],"author":[{"embeddable":true,"href":"https:\/\/notinor.com\/jujuy\/wp-json\/wp\/v2\/users\/1"}],"replies":[{"embeddable":true,"href":"https:\/\/notinor.com\/jujuy\/wp-json\/wp\/v2\/comments?post=249546"}],"version-history":[{"count":1,"href":"https:\/\/notinor.com\/jujuy\/wp-json\/wp\/v2\/posts\/249546\/revisions"}],"predecessor-version":[{"id":249549,"href":"https:\/\/notinor.com\/jujuy\/wp-json\/wp\/v2\/posts\/249546\/revisions\/249549"}],"wp:featuredmedia":[{"embeddable":true,"href":"https:\/\/notinor.com\/jujuy\/wp-json\/wp\/v2\/media\/249548"}],"wp:attachment":[{"href":"https:\/\/notinor.com\/jujuy\/wp-json\/wp\/v2\/media?parent=249546"}],"wp:term":[{"taxonomy":"category","embeddable":true,"href":"https:\/\/notinor.com\/jujuy\/wp-json\/wp\/v2\/categories?post=249546"},{"taxonomy":"post_tag","embeddable":true,"href":"https:\/\/notinor.com\/jujuy\/wp-json\/wp\/v2\/tags?post=249546"}],"curies":[{"name":"wp","href":"https:\/\/api.w.org\/{rel}","templated":true}]}}