{"id":249467,"date":"2020-07-02T10:55:21","date_gmt":"2020-07-02T13:55:21","guid":{"rendered":"https:\/\/notinor.com\/jujuy\/?p=249467"},"modified":"2020-07-02T13:22:33","modified_gmt":"2020-07-02T16:22:33","slug":"la-complicada-situacion-que-atraviesa-el-rubro-odontologico-en-jujuy","status":"publish","type":"post","link":"https:\/\/notinor.com\/jujuy\/la-complicada-situacion-que-atraviesa-el-rubro-odontologico-en-jujuy\/","title":{"rendered":"La complicada situaci\u00f3n que atraviesa, el rubro odontol\u00f3gico en Jujuy"},"content":{"rendered":"\n<p>Jueves 2 de Julio del 2020.<\/p>\n\n\n\n<figure class=\"is-layout-flex wp-block-gallery-1 wp-block-gallery columns-1 is-cropped\"><ul class=\"blocks-gallery-grid\"><li class=\"blocks-gallery-item\"><figure><img decoding=\"async\" loading=\"lazy\" width=\"1280\" height=\"720\" src=\"https:\/\/i1.wp.com\/notinor.com\/jujuy\/wp-content\/uploads\/2020\/07\/circulo-odontologico.jpg?fit=840%2C473&amp;ssl=1\" alt=\"\" data-id=\"249473\" data-full-url=\"https:\/\/i1.wp.com\/notinor.com\/jujuy\/wp-content\/uploads\/2020\/07\/circulo-odontologico.jpg?fit=1280%2C720&amp;ssl=1\" data-link=\"https:\/\/notinor.com\/jujuy\/?attachment_id=249473\" class=\"wp-image-249473\" srcset=\"https:\/\/notinor.com\/jujuy\/wp-content\/uploads\/2020\/07\/circulo-odontologico.jpg 1280w, https:\/\/notinor.com\/jujuy\/wp-content\/uploads\/2020\/07\/circulo-odontologico-649x365.jpg 649w, https:\/\/notinor.com\/jujuy\/wp-content\/uploads\/2020\/07\/circulo-odontologico-840x473.jpg 840w, https:\/\/notinor.com\/jujuy\/wp-content\/uploads\/2020\/07\/circulo-odontologico-500x280.jpg 500w, https:\/\/notinor.com\/jujuy\/wp-content\/uploads\/2020\/07\/circulo-odontologico-768x432.jpg 768w\" sizes=\"(max-width: 1280px) 100vw, 1280px\" \/><\/figure><\/li><\/ul><\/figure>\n\n\n\n<p>En medio de la pandemia, la provincia de Jujuy est\u00e1 nuevamente atravesando, fase uno por circulaci\u00f3n del virus de tipo \"comunitaria\". Y es que varios de los sectores se vieron perjudicados otra vez . <\/p>\n\n\n\n<p>Uno de ellos es el rubro odontol\u00f3gico, es que a pesar de que  es una de las \"nuevas actividades esenciales\" &nbsp;bajo estricto protocolo de bioseguridad, permitidas por el gobernador de Jujuy.  El &nbsp;C\u00edrculo que nuclea a los profesionales advirtieron que \"pese al alivio de la reapertura, la realidad que atraviesan es complicada debido a que en el inicio del aislamiento hab\u00edan tenido bajas del 90% de su facturaci\u00f3n y cuando comenzaban a reactivarse se volvi\u00f3 a desplomar el rubro\". <\/p>\n\n\n\n<p>Gerente del Circulo Odontol\u00f3gico de Jujuy, Gustavo Farf\u00e1n fue consultado sobre la situaci\u00f3n que est\u00e1n atravesando y dijo \" es un poco de alivio, pero tampoco tanto, si bien en la situaci\u00f3n anterior era sin circulaci\u00f3n comunitaria y ahora la tenemos, por eso es m\u00e1s peligrosa y debemos cuidarnos\u201d. Adem\u00e1s expres\u00f3, \u201cel problema hoy en d\u00eda es que pens\u00e1bamos que \u00edbamos a atender solamente urgencias pero la definici\u00f3n es atender prevenci\u00f3n en odontolog\u00edas, un t\u00e9rmino muy amplio. Hay una terminolog\u00eda mal empleada y que viene de Naci\u00f3n\u201d.<\/p>\n\n\n\n<p>Finaliz\u00f3 diciendo \u201cLa situaci\u00f3n del odont\u00f3logo es muy dif\u00edcil, no hay que estigmatizar, si se cumplen rigurosamente con las normas preventivas no hay contagios\u201d.<\/p>\n\n\n\n<figure class=\"is-layout-flex wp-block-gallery-3 wp-block-gallery columns-1 is-cropped\"><ul class=\"blocks-gallery-grid\"><li class=\"blocks-gallery-item\"><figure><img decoding=\"async\" loading=\"lazy\" width=\"320\" height=\"200\" src=\"https:\/\/notinor.com\/jujuy\/wp-content\/uploads\/2020\/07\/circulo.jpg\" alt=\"\" data-id=\"249475\" data-full-url=\"https:\/\/i1.wp.com\/notinor.com\/jujuy\/wp-content\/uploads\/2020\/07\/circulo.jpg?fit=320%2C200&amp;ssl=1\" data-link=\"https:\/\/notinor.com\/jujuy\/?attachment_id=249475\" class=\"wp-image-249475\"\/><\/figure><\/li><\/ul><\/figure>\n\n\n\n<p><\/p>\n","protected":false},"excerpt":{"rendered":"<p>Jueves 2 de Julio del 2020. En medio de la pandemia, la provincia de Jujuy est\u00e1 nuevamente atravesando, fase uno por circulaci\u00f3n del virus de tipo \"comunitaria\". Y es que varios de los sectores se vieron perjudicados otra vez . Uno de ellos es el rubro odontol\u00f3gico, es que a pesar de que es una [&hellip;]<\/p>\n","protected":false},"author":1,"featured_media":249477,"comment_status":"open","ping_status":"open","sticky":false,"template":"","format":"standard","meta":{"_stopmodifiedupdate":false,"_modified_date":"","inline_featured_image":false,"spay_email":"","jetpack_publicize_message":""},"categories":[490],"tags":[],"jetpack_featured_media_url":"https:\/\/notinor.com\/jujuy\/wp-content\/uploads\/2020\/07\/odontologos.jpeg","jetpack_publicize_connections":[],"_links":{"self":[{"href":"https:\/\/notinor.com\/jujuy\/wp-json\/wp\/v2\/posts\/249467"}],"collection":[{"href":"https:\/\/notinor.com\/jujuy\/wp-json\/wp\/v2\/posts"}],"about":[{"href":"https:\/\/notinor.com\/jujuy\/wp-json\/wp\/v2\/types\/post"}],"author":[{"embeddable":true,"href":"https:\/\/notinor.com\/jujuy\/wp-json\/wp\/v2\/users\/1"}],"replies":[{"embeddable":true,"href":"https:\/\/notinor.com\/jujuy\/wp-json\/wp\/v2\/comments?post=249467"}],"version-history":[{"count":2,"href":"https:\/\/notinor.com\/jujuy\/wp-json\/wp\/v2\/posts\/249467\/revisions"}],"predecessor-version":[{"id":249519,"href":"https:\/\/notinor.com\/jujuy\/wp-json\/wp\/v2\/posts\/249467\/revisions\/249519"}],"wp:featuredmedia":[{"embeddable":true,"href":"https:\/\/notinor.com\/jujuy\/wp-json\/wp\/v2\/media\/249477"}],"wp:attachment":[{"href":"https:\/\/notinor.com\/jujuy\/wp-json\/wp\/v2\/media?parent=249467"}],"wp:term":[{"taxonomy":"category","embeddable":true,"href":"https:\/\/notinor.com\/jujuy\/wp-json\/wp\/v2\/categories?post=249467"},{"taxonomy":"post_tag","embeddable":true,"href":"https:\/\/notinor.com\/jujuy\/wp-json\/wp\/v2\/tags?post=249467"}],"curies":[{"name":"wp","href":"https:\/\/api.w.org\/{rel}","templated":true}]}}