{"id":249202,"date":"2020-07-01T10:44:11","date_gmt":"2020-07-01T13:44:11","guid":{"rendered":"https:\/\/notinor.com\/jujuy\/?p=249202"},"modified":"2020-07-01T10:44:17","modified_gmt":"2020-07-01T13:44:17","slug":"los-ciudadanos-de-bogota-piden-volver-a-la-cuarentena-por-el-inminente-colapso","status":"publish","type":"post","link":"https:\/\/notinor.com\/jujuy\/los-ciudadanos-de-bogota-piden-volver-a-la-cuarentena-por-el-inminente-colapso\/","title":{"rendered":"Los ciudadanos de Bogota piden volver a la cuarentena por el inminente colapso"},"content":{"rendered":"\n<p>En respuesta, el presidente de Colombia asegur\u00f2 que deben acostumbrarse a \"convivir\" con la pandemia de coronavirus.<\/p>\n\n\n\n<figure class=\"wp-block-image\"><img decoding=\"async\" src=\"https:\/\/sfo2.digitaloceanspaces.com\/elpaiscr\/2020\/06\/Militares-vigilan-cuarentena-en-Bogot%C3%A1-Ccolombia.-TW.jpg\" alt=\"M\u00e1s de 100 barrios de Bogot\u00e1 comienzan la cuarentena estricta ...\"\/><\/figure>\n\n\n\n<p>La alcaldesa de Bogot\u00e1, Claudia L\u00f3pez, insisti\u00f3 en que si el gobierno de Colombia no cumple con la entrega de los respiradores solicitados, la ciudad deber\u00e1 prepararse para una cuarentena estricta de 14 d\u00edas con el fin de evitar el colapso de las unidades de cuidados intensivos (UCI), que presentan actualmente una ocupaci\u00f3n de m\u00e1s de 70%.<\/p>\n\n\n\n<p>\"Lo que se nos sali\u00f3 del libreto es que el gobierno ten\u00eda programada la entrega de los ventiladores en junio y se alarg\u00f3 la espera hasta julio o agosto\u201d, dijo la alcaldesa a la radio RCN, seg\u00fan la agencia de noticias Europa Press.<\/p>\n\n\n\n<p>L\u00f3pez alert\u00f3 que la ciudad ten\u00eda 71% de ocupaci\u00f3n de UCI y se\u00f1al\u00f3 que hac\u00eda dos meses que hab\u00eda indicadores l\u00edmite, entre ellos el del sistema de transporte Trasnmilenio \u201coperando a menos de 35% de su capacidad, y el otro, la ocupaci\u00f3n de unidades a m\u00e1ximo de 75%\u201d.<\/p>\n\n\n\n<figure class=\"wp-block-image\"><img decoding=\"async\" src=\"https:\/\/as01.epimg.net\/colombia\/imagenes\/2020\/06\/28\/tikitakas\/1593307087_393820_1593307460_noticia_normal_recorte1.jpg\" alt=\"Coronavirus Bogot\u00e1: \u00bfpor qu\u00e9 Claudia L\u00f3pez sugiere cuarentena ...\"\/><\/figure>\n\n\n\n<p>Colombia acumulaba 97.486 casos de coronavirus (2.803 en las \u00faltimas 24 horas) y 3.334 muertes (111 nuevas), mientras la capital registraba 30.017 contagios y 713 decesos, inform\u00f3 esta noche el Ministerio de Salud.<\/p>\n\n\n\n<p>Si bien L\u00f3pez aclar\u00f3 que la demora en la entrega de los respiradores no es culpa del gobierno del presidente Iv\u00e1n Duque sino de los proveedores, ya que estos elementos est\u00e1n siendo altamente demandados en todo el mundo, se lament\u00f3 que \"no se le d\u00e9 a Bogot\u00e1 lo m\u00ednimo para cuidarla\".<\/p>\n\n\n\n<p>\"Nosotros hemos cumplido nuestra parte, el que est\u00e1 atascado y no ha podido cumplir es el gobierno, el fin de semana yo mantuve conversaciones con el ministro de Salud, Fernando Ruiz, y no ten\u00eda certeza de los cronogramas de entrega\", agreg\u00f3.<\/p>\n\n\n\n<p>Seg\u00fan la alcaldesa, no se puede atribuir culpas en medio de una pandemia.<\/p>\n\n\n\n<div class=\"wp-block-image\"><figure class=\"aligncenter is-resized\"><img decoding=\"async\" loading=\"lazy\" src=\"https:\/\/as01.epimg.net\/colombia\/imagenes\/2020\/05\/28\/tikitakas\/1590695197_430103_1590695447_noticia_normal_recorte1.jpg\" alt=\"Cuarentena en Bogot\u00e1: fechas, cu\u00e1nto dura y hasta cu\u00e1ndo se ...\" width=\"494\" height=\"278\"\/><\/figure><\/div>\n\n\n\n<p>\"No es que haya alguien haciendo algo mal. Entonces, \u00bfColombia tiene m\u00e1s de 90.000 contagios porque Duque es un inepto? No, es porque esta pandemia es muy dif\u00edcil\", manifest\u00f3.<\/p>\n\n\n\n<p>El s\u00e1bado pasado, la alcaldesa ya le hab\u00eda recomendado a Duque imponer una cuarentena estricta de 14 d\u00edas en todo el pa\u00eds ante el acelerado crecimiento de la enfermedad, a menos que el gobierno asegurara la entrega de respiradores a principios de agosto.<\/p>\n\n\n\n<p>Sin embargo, Duque respondi\u00f3 que no era una \u201copci\u00f3n viable\u201d y le pidi\u00f3 a los colombianos aprender a convivir con la pandemia.<\/p>\n\n\n\n<div class=\"wp-block-image\"><figure class=\"aligncenter is-resized\"><img decoding=\"async\" loading=\"lazy\" src=\"https:\/\/img.autocosmos.com\/noticias\/fotos\/preview\/NAZ_155ed72ee74042d7a99ca72d205323ee.jpg\" alt=\"Plan estrat\u00e9gico para mejorar movilidad en Bogot\u00e1 durante la ...\" width=\"491\" height=\"276\"\/><\/figure><\/div>\n\n\n\n<p>Por su parte, Ruiz asegur\u00f3 que el gobierno entreg\u00f3 otros 722 respiradores a Bogot\u00e1 y que comprometi\u00f3 otros 592, e inst\u00f3 a la capital y otras ciudades a hacer \"un esfuerzo propio\" para adquirir estos equipos.<\/p>\n","protected":false},"excerpt":{"rendered":"<p>En respuesta, el presidente de Colombia asegur\u00f2 que deben acostumbrarse a \"convivir\" con la pandemia de coronavirus. La alcaldesa de Bogot\u00e1, Claudia L\u00f3pez, insisti\u00f3 en que si el gobierno de Colombia no cumple con la entrega de los respiradores solicitados, la ciudad deber\u00e1 prepararse para una cuarentena estricta de 14 d\u00edas con el fin de [&hellip;]<\/p>\n","protected":false},"author":40,"featured_media":249206,"comment_status":"open","ping_status":"open","sticky":false,"template":"","format":"standard","meta":{"_stopmodifiedupdate":false,"_modified_date":"","inline_featured_image":false,"spay_email":"","jetpack_publicize_message":""},"categories":[6],"tags":[],"jetpack_featured_media_url":"https:\/\/notinor.com\/jujuy\/wp-content\/uploads\/2020\/07\/Militares-vigilan-cuarentena-en-Bogot\u00e1-Ccolombia.-TW.jpg","jetpack_publicize_connections":[],"_links":{"self":[{"href":"https:\/\/notinor.com\/jujuy\/wp-json\/wp\/v2\/posts\/249202"}],"collection":[{"href":"https:\/\/notinor.com\/jujuy\/wp-json\/wp\/v2\/posts"}],"about":[{"href":"https:\/\/notinor.com\/jujuy\/wp-json\/wp\/v2\/types\/post"}],"author":[{"embeddable":true,"href":"https:\/\/notinor.com\/jujuy\/wp-json\/wp\/v2\/users\/40"}],"replies":[{"embeddable":true,"href":"https:\/\/notinor.com\/jujuy\/wp-json\/wp\/v2\/comments?post=249202"}],"version-history":[{"count":1,"href":"https:\/\/notinor.com\/jujuy\/wp-json\/wp\/v2\/posts\/249202\/revisions"}],"predecessor-version":[{"id":249207,"href":"https:\/\/notinor.com\/jujuy\/wp-json\/wp\/v2\/posts\/249202\/revisions\/249207"}],"wp:featuredmedia":[{"embeddable":true,"href":"https:\/\/notinor.com\/jujuy\/wp-json\/wp\/v2\/media\/249206"}],"wp:attachment":[{"href":"https:\/\/notinor.com\/jujuy\/wp-json\/wp\/v2\/media?parent=249202"}],"wp:term":[{"taxonomy":"category","embeddable":true,"href":"https:\/\/notinor.com\/jujuy\/wp-json\/wp\/v2\/categories?post=249202"},{"taxonomy":"post_tag","embeddable":true,"href":"https:\/\/notinor.com\/jujuy\/wp-json\/wp\/v2\/tags?post=249202"}],"curies":[{"name":"wp","href":"https:\/\/api.w.org\/{rel}","templated":true}]}}