{"id":249175,"date":"2020-07-01T02:14:16","date_gmt":"2020-07-01T05:14:16","guid":{"rendered":"https:\/\/notinor.com\/jujuy\/?p=249175"},"modified":"2020-07-01T02:16:29","modified_gmt":"2020-07-01T05:16:29","slug":"desde-hoy-abre-la-feria-mayorista-de-perico","status":"publish","type":"post","link":"https:\/\/notinor.com\/jujuy\/desde-hoy-abre-la-feria-mayorista-de-perico\/","title":{"rendered":"Desde hoy, abre la feria mayorista de Perico"},"content":{"rendered":"\n<h2>Se realizar\u00e1n controles muy rigurosos por parte del COE municipal<\/h2>\n\n\n\n<figure class=\"wp-block-image size-large\"><img decoding=\"async\" loading=\"lazy\" width=\"743\" height=\"480\" src=\"https:\/\/notinor.com\/jujuy\/wp-content\/uploads\/2020\/06\/47962-desde-hoy-reabre-la-feria-mayorista-y-minorista-de-perico-743x480.jpg\" alt=\"\" class=\"wp-image-247785\" srcset=\"https:\/\/notinor.com\/jujuy\/wp-content\/uploads\/2020\/06\/47962-desde-hoy-reabre-la-feria-mayorista-y-minorista-de-perico-743x480.jpg 743w, https:\/\/notinor.com\/jujuy\/wp-content\/uploads\/2020\/06\/47962-desde-hoy-reabre-la-feria-mayorista-y-minorista-de-perico-565x365.jpg 565w, https:\/\/notinor.com\/jujuy\/wp-content\/uploads\/2020\/06\/47962-desde-hoy-reabre-la-feria-mayorista-y-minorista-de-perico-768x496.jpg 768w, https:\/\/notinor.com\/jujuy\/wp-content\/uploads\/2020\/06\/47962-desde-hoy-reabre-la-feria-mayorista-y-minorista-de-perico.jpg 1470w\" sizes=\"(max-width: 743px) 100vw, 743px\" \/><\/figure>\n\n\n\n<p>Por medio de un decreto del Ejecutivo provincial, autorizan el\nfuncionamiento de la feria mayorista de Perico. El gobernador Gerardo Morales\nse\u00f1al\u00f3 que la habilitaci\u00f3n es bajo la responsabilidad de las autoridades\nlocales.<\/p>\n\n\n\n<p>El intendente de Perico Luciano Demarco, finalmente confirm\u00f3 que la apertura del mercado concentrador, ser\u00e1 desde el 01 de julio en los horarios habituales, es decir de 12 a 18 hs.<\/p>\n\n\n\n<p>Se realizar\u00e1n controles muy rigurosos por parte del COE municipal; control de temperatura al ingreso, barbijo obligatorio, distancia social, prohibido ingreso a mayores de 60 a\u00f1os.<\/p>\n\n\n\n<p>Solo se realizara venta mayorista de alimentos esenciales, frutas y verduras.<\/p>\n\n\n\n<figure class=\"wp-block-image size-large\"><img decoding=\"async\" loading=\"lazy\" width=\"960\" height=\"960\" src=\"https:\/\/i0.wp.com\/notinor.com\/jujuy\/wp-content\/uploads\/2020\/07\/83864264_178162813669904_7521472059489315671_o.jpg?fit=480%2C480&amp;ssl=1\" alt=\"\" class=\"wp-image-249176\" srcset=\"https:\/\/notinor.com\/jujuy\/wp-content\/uploads\/2020\/07\/83864264_178162813669904_7521472059489315671_o.jpg 960w, https:\/\/notinor.com\/jujuy\/wp-content\/uploads\/2020\/07\/83864264_178162813669904_7521472059489315671_o-365x365.jpg 365w, https:\/\/notinor.com\/jujuy\/wp-content\/uploads\/2020\/07\/83864264_178162813669904_7521472059489315671_o-480x480.jpg 480w, https:\/\/notinor.com\/jujuy\/wp-content\/uploads\/2020\/07\/83864264_178162813669904_7521472059489315671_o-768x768.jpg 768w, https:\/\/notinor.com\/jujuy\/wp-content\/uploads\/2020\/07\/83864264_178162813669904_7521472059489315671_o-100x100.jpg 100w\" sizes=\"(max-width: 960px) 100vw, 960px\" \/><\/figure>\n","protected":false},"excerpt":{"rendered":"<p>Se realizar\u00e1n controles muy rigurosos por parte del COE municipal Por medio de un decreto del Ejecutivo provincial, autorizan el funcionamiento de la feria mayorista de Perico. El gobernador Gerardo Morales se\u00f1al\u00f3 que la habilitaci\u00f3n es bajo la responsabilidad de las autoridades locales. El intendente de Perico Luciano Demarco, finalmente confirm\u00f3 que la apertura del [&hellip;]<\/p>\n","protected":false},"author":1,"featured_media":247785,"comment_status":"open","ping_status":"open","sticky":false,"template":"","format":"standard","meta":{"_stopmodifiedupdate":false,"_modified_date":"","inline_featured_image":false,"spay_email":"","jetpack_publicize_message":""},"categories":[4],"tags":[],"jetpack_featured_media_url":"https:\/\/notinor.com\/jujuy\/wp-content\/uploads\/2020\/06\/47962-desde-hoy-reabre-la-feria-mayorista-y-minorista-de-perico.jpg","jetpack_publicize_connections":[],"_links":{"self":[{"href":"https:\/\/notinor.com\/jujuy\/wp-json\/wp\/v2\/posts\/249175"}],"collection":[{"href":"https:\/\/notinor.com\/jujuy\/wp-json\/wp\/v2\/posts"}],"about":[{"href":"https:\/\/notinor.com\/jujuy\/wp-json\/wp\/v2\/types\/post"}],"author":[{"embeddable":true,"href":"https:\/\/notinor.com\/jujuy\/wp-json\/wp\/v2\/users\/1"}],"replies":[{"embeddable":true,"href":"https:\/\/notinor.com\/jujuy\/wp-json\/wp\/v2\/comments?post=249175"}],"version-history":[{"count":3,"href":"https:\/\/notinor.com\/jujuy\/wp-json\/wp\/v2\/posts\/249175\/revisions"}],"predecessor-version":[{"id":249179,"href":"https:\/\/notinor.com\/jujuy\/wp-json\/wp\/v2\/posts\/249175\/revisions\/249179"}],"wp:featuredmedia":[{"embeddable":true,"href":"https:\/\/notinor.com\/jujuy\/wp-json\/wp\/v2\/media\/247785"}],"wp:attachment":[{"href":"https:\/\/notinor.com\/jujuy\/wp-json\/wp\/v2\/media?parent=249175"}],"wp:term":[{"taxonomy":"category","embeddable":true,"href":"https:\/\/notinor.com\/jujuy\/wp-json\/wp\/v2\/categories?post=249175"},{"taxonomy":"post_tag","embeddable":true,"href":"https:\/\/notinor.com\/jujuy\/wp-json\/wp\/v2\/tags?post=249175"}],"curies":[{"name":"wp","href":"https:\/\/api.w.org\/{rel}","templated":true}]}}