{"id":249171,"date":"2020-07-01T01:58:30","date_gmt":"2020-07-01T04:58:30","guid":{"rendered":"https:\/\/notinor.com\/jujuy\/?p=249171"},"modified":"2020-07-01T01:59:45","modified_gmt":"2020-07-01T04:59:45","slug":"blas-gallardo-no-tenemos-casos-autoctonos-en-la-quiaca","status":"publish","type":"post","link":"https:\/\/notinor.com\/jujuy\/blas-gallardo-no-tenemos-casos-autoctonos-en-la-quiaca\/","title":{"rendered":"Blas Gallardo: \"No tenemos casos aut\u00f3ctonos en La Quiaca\""},"content":{"rendered":"\n<h2> El intendente de La Quiaca dejo un emotivo mensaje para su comuna \u00a0<\/h2>\n\n\n\n<figure class=\"wp-block-image size-large\"><img decoding=\"async\" loading=\"lazy\" width=\"840\" height=\"480\" src=\"https:\/\/notinor.com\/jujuy\/wp-content\/uploads\/2020\/04\/blas-gallardo-1-840x480.jpg\" alt=\"\" class=\"wp-image-235718\" srcset=\"https:\/\/notinor.com\/jujuy\/wp-content\/uploads\/2020\/04\/blas-gallardo-1-840x480.jpg 840w, https:\/\/notinor.com\/jujuy\/wp-content\/uploads\/2020\/04\/blas-gallardo-1-638x365.jpg 638w, https:\/\/notinor.com\/jujuy\/wp-content\/uploads\/2020\/04\/blas-gallardo-1-768x439.jpg 768w, https:\/\/notinor.com\/jujuy\/wp-content\/uploads\/2020\/04\/blas-gallardo-1.jpg 1499w\" sizes=\"(max-width: 840px) 100vw, 840px\" \/><\/figure>\n\n\n\n<p>Blas Gallardo, Intendente de La Quiaca, dejo un emotivo mensaje a sus conciudadanos<\/p>\n\n\n\n<p>Al respecto resalto que \"venimos muy bien, no tenemos casos aut\u00f3ctonos\" pero tenemos cerca el virus, menciono que hay circulaci\u00f3n comunitaria en algunos lugares de la provincia. <\/p>\n\n\n\n<p>Recomend\u00f3 as\u00ed mismo no\nviajar, reprogramar turnos m\u00e9dicos y no traer a la ciudad de La Quiaca,\nfamiliares que est\u00e9n en otras ciudades de la provincia.<\/p>\n\n\n\n<figure class=\"wp-block-video\"><video controls src=\"https:\/\/notinor.com\/jujuy\/wp-content\/uploads\/2020\/07\/MENSAJE-DE-INTENDENTE-DE-LA-QUIACA.mp4\"><\/video><\/figure>\n","protected":false},"excerpt":{"rendered":"<p>El intendente de La Quiaca dejo un emotivo mensaje para su comuna \u00a0 Blas Gallardo, Intendente de La Quiaca, dejo un emotivo mensaje a sus conciudadanos Al respecto resalto que \"venimos muy bien, no tenemos casos aut\u00f3ctonos\" pero tenemos cerca el virus, menciono que hay circulaci\u00f3n comunitaria en algunos lugares de la provincia. Recomend\u00f3 as\u00ed [&hellip;]<\/p>\n","protected":false},"author":1,"featured_media":235718,"comment_status":"open","ping_status":"open","sticky":false,"template":"","format":"standard","meta":{"_stopmodifiedupdate":false,"_modified_date":"","inline_featured_image":false,"spay_email":"","jetpack_publicize_message":""},"categories":[4],"tags":[],"jetpack_featured_media_url":"https:\/\/notinor.com\/jujuy\/wp-content\/uploads\/2020\/04\/blas-gallardo-1.jpg","jetpack_publicize_connections":[],"_links":{"self":[{"href":"https:\/\/notinor.com\/jujuy\/wp-json\/wp\/v2\/posts\/249171"}],"collection":[{"href":"https:\/\/notinor.com\/jujuy\/wp-json\/wp\/v2\/posts"}],"about":[{"href":"https:\/\/notinor.com\/jujuy\/wp-json\/wp\/v2\/types\/post"}],"author":[{"embeddable":true,"href":"https:\/\/notinor.com\/jujuy\/wp-json\/wp\/v2\/users\/1"}],"replies":[{"embeddable":true,"href":"https:\/\/notinor.com\/jujuy\/wp-json\/wp\/v2\/comments?post=249171"}],"version-history":[{"count":2,"href":"https:\/\/notinor.com\/jujuy\/wp-json\/wp\/v2\/posts\/249171\/revisions"}],"predecessor-version":[{"id":249174,"href":"https:\/\/notinor.com\/jujuy\/wp-json\/wp\/v2\/posts\/249171\/revisions\/249174"}],"wp:featuredmedia":[{"embeddable":true,"href":"https:\/\/notinor.com\/jujuy\/wp-json\/wp\/v2\/media\/235718"}],"wp:attachment":[{"href":"https:\/\/notinor.com\/jujuy\/wp-json\/wp\/v2\/media?parent=249171"}],"wp:term":[{"taxonomy":"category","embeddable":true,"href":"https:\/\/notinor.com\/jujuy\/wp-json\/wp\/v2\/categories?post=249171"},{"taxonomy":"post_tag","embeddable":true,"href":"https:\/\/notinor.com\/jujuy\/wp-json\/wp\/v2\/tags?post=249171"}],"curies":[{"name":"wp","href":"https:\/\/api.w.org\/{rel}","templated":true}]}}