{"id":249083,"date":"2020-06-30T19:24:10","date_gmt":"2020-06-30T22:24:10","guid":{"rendered":"https:\/\/notinor.com\/jujuy\/?p=249083"},"modified":"2020-06-30T19:24:19","modified_gmt":"2020-06-30T22:24:19","slug":"hay-un-plan-postpandemia-para-jujuy-aseguro-bernis","status":"publish","type":"post","link":"https:\/\/notinor.com\/jujuy\/hay-un-plan-postpandemia-para-jujuy-aseguro-bernis\/","title":{"rendered":"\"Hay un plan postpandemia para Jujuy\", asegur\u00f3 Bernis"},"content":{"rendered":"\n<p><strong>\u00a0<\/strong><\/p>\n\n\n\n<p>As\u00ed lo afirm\u00f3 el presidente del Comit\u00e9 Provincia de la Uni\u00f3n C\u00edvica Radical, Alberto Bernis, consultado acerca del futuro de Jujuy cuando la pandemia de coronavirus sea superada. <\/p>\n\n\n\n<p class=\"has-background has-vivid-cyan-blue-background-color\">\u201cSiguen en pie los grandes proyectos productivos de cambio de matriz productiva, aquellos que nunca tuvo la provincia en su historia\u201d, enfatiz\u00f3.<\/p>\n\n\n\n<figure class=\"wp-block-image size-large\"><img decoding=\"async\" loading=\"lazy\" width=\"1674\" height=\"1558\" src=\"https:\/\/i0.wp.com\/notinor.com\/jujuy\/wp-content\/uploads\/2020\/06\/bernis.jpg?fit=516%2C480&amp;ssl=1\" alt=\"\" class=\"wp-image-249085\" srcset=\"https:\/\/notinor.com\/jujuy\/wp-content\/uploads\/2020\/06\/bernis.jpg 1674w, https:\/\/notinor.com\/jujuy\/wp-content\/uploads\/2020\/06\/bernis-392x365.jpg 392w, https:\/\/notinor.com\/jujuy\/wp-content\/uploads\/2020\/06\/bernis-516x480.jpg 516w, https:\/\/notinor.com\/jujuy\/wp-content\/uploads\/2020\/06\/bernis-768x715.jpg 768w, https:\/\/notinor.com\/jujuy\/wp-content\/uploads\/2020\/06\/bernis-1536x1430.jpg 1536w\" sizes=\"(max-width: 1674px) 100vw, 1674px\" \/><\/figure>\n\n\n\n<p>El dirigente sostuvo que el Gobierno de la Provincia \u201cdemostr\u00f3 que hay un plan para combatir los embates de la pandemia\u201d y que para ello se prepar\u00f3 en los \u00faltimos 100 d\u00edas, \u201cfortaleciendo su sistema de salud y al mismo tiempo pensando en el futuro\u201d.<\/p>\n\n\n\n<p>\u201cTambi\u00e9n hay un plan para la afrontar la post-pandemia que hace eje en los proyectos productivos, m\u00e1s all\u00e1 de que en algunos casos tuvieron una pausa por la coyuntura sanitaria mundial\u201d, indic\u00f3 y ratific\u00f3 que \u201cJujuy sigue firme en su objetivo de cambio de matriz productiva\u201d.<\/p>\n\n\n\n<p>En este sentido, ponder\u00f3 que el pr\u00f3ximo 20 de julio es la fecha para empezar a proveer a CAMMESA de la energ\u00eda solar que genera Cauchari, es as\u00ed que puso de relieve las gestiones del gobernador Gerardo Morales ante el presidente Alberto Fern\u00e1ndez para viabilizar la autorizaci\u00f3n de la construcci\u00f3n de la planta de 200 Mw y por la cual la provincia ya ten\u00eda un convenio con la Rep\u00fablica China. Asimismo, remarc\u00f3 el proyecto de generaci\u00f3n distribuida de energ\u00eda por 96 Mw.<\/p>\n\n\n\n<p>Destac\u00f3 que la columna vertebral econ\u00f3mica provincial no haya dejado de funcionar, en referencia a la continuidad de los ingenios, la miner\u00eda y la actividad agropecuaria, \u201clas cuales no pararon\u201d, acot\u00f3.<\/p>\n\n\n\n<p>Resalt\u00f3 los 400 millones de d\u00f3lares de inversi\u00f3n que est\u00e1n ejecutando en proyectos productivos, Sales de Jujuy y Exar, \u201ccon el desaf\u00edo de convertir a nuestra provincia en el primer productor de carbonato de litio del pa\u00eds, con la consecuente generaci\u00f3n de mano de obra genuina\u201d.<\/p>\n\n\n\n<p>\u201cEl plan de cambio de la matriz productiva y diversificaci\u00f3n de la producci\u00f3n, est\u00e1 en marcha\u201d, asever\u00f3 tras lo cual record\u00f3 que se encuentra avanzado el proyecto para producir cannabis medicinal en El Pongo, donde prontamente se construir\u00e1 el laboratorio, teniendo previsto producir el primer aceite medicinal en agosto.<\/p>\n\n\n\n<p>Anunci\u00f3 que desde la gesti\u00f3n de gobierno se est\u00e1 trabajando en un plan productivo post pandemia que incluir\u00e1n a las m\u00e1s de 100 mil hect\u00e1reas que tiene la provincia en distintas fincas. \u201cEste programa est\u00e1 orientado a generar peque\u00f1os proyectos productivos agropecuarios\u201d, explic\u00f3 y aclar\u00f3 que \u201cse analiza un plan para comerciantes y Pymes, que son los sectores que m\u00e1s sufrieron las consecuencias de la cuarentena\u201d.<\/p>\n\n\n\n<p>En otro orden, Bernis se refiri\u00f3 a la reactivaci\u00f3n de la obra p\u00fablica, destacando que \u201cse comenz\u00f3 a ejecutar el cr\u00e9dito educativo, con la licitaci\u00f3n de las primeras 15 escuelas, a las cuales se sumaran otros 13 edificios escolares m\u00e1s\u201d y a\u00f1adi\u00f3 que \u201cse destrabaron los fondos para continuar con las obras de la Ruta 34 y se est\u00e1 a la espera de la autorizaci\u00f3n de los recursos para las obras del Plan Estrat\u00e9gico Ambiental Urbano para la localidad de Tilcara, que incluye un nuevo puente sobre el r\u00edo Grande, mitigaci\u00f3n h\u00eddrica, parque lineal, plazas, pavimento y adoquinado estrat\u00e9gicos en toda la ciudad\u201d.<\/p>\n\n\n\n<p>\u201cLa Provincia est\u00e1 pr\u00f3xima a acceder a los fondos para las zonas francas de Perico y La Quiaca que son fundamentales para el cambio de matriz productiva\u201d, apunt\u00f3.<\/p>\n\n\n\n<p>Finalmente, se refiri\u00f3 al desarrollo tur\u00edstico, rubro que hasta el inicio de la pandemia mostr\u00f3 un crecimiento exponencial, a partir de un modelo de promoci\u00f3n, inversiones e incentivos que permiti\u00f3 ampliar significativamente las plazas hoteleras. Al respecto, Bernis mencion\u00f3 las pol\u00edticas activas de crecimiento que se materializaron en el aumento de los vuelos, las obras del nuevo aeropuerto \u201cHoracio Guzm\u00e1n\u201d y la integraci\u00f3n de las comunidades a una actividad que seguramente volver\u00e1 a reportar cuantiosos ingresos a la provincia en t\u00e9rminos econ\u00f3micos.<\/p>\n","protected":false},"excerpt":{"rendered":"<p>\u00a0 As\u00ed lo afirm\u00f3 el presidente del Comit\u00e9 Provincia de la Uni\u00f3n C\u00edvica Radical, Alberto Bernis, consultado acerca del futuro de Jujuy cuando la pandemia de coronavirus sea superada. \u201cSiguen en pie los grandes proyectos productivos de cambio de matriz productiva, aquellos que nunca tuvo la provincia en su historia\u201d, enfatiz\u00f3. El dirigente sostuvo que [&hellip;]<\/p>\n","protected":false},"author":1,"featured_media":249085,"comment_status":"closed","ping_status":"closed","sticky":false,"template":"","format":"standard","meta":{"_stopmodifiedupdate":false,"_modified_date":"","inline_featured_image":false,"spay_email":"","jetpack_publicize_message":"\u201cSiguen en pie los grandes proyectos productivos de cambio de matriz productiva, aquellos que nunca tuvo la provincia en su historia\u201d, enfatiz\u00f3 el legislador provincial. "},"categories":[501],"tags":[],"jetpack_featured_media_url":"https:\/\/notinor.com\/jujuy\/wp-content\/uploads\/2020\/06\/bernis.jpg","jetpack_publicize_connections":[],"_links":{"self":[{"href":"https:\/\/notinor.com\/jujuy\/wp-json\/wp\/v2\/posts\/249083"}],"collection":[{"href":"https:\/\/notinor.com\/jujuy\/wp-json\/wp\/v2\/posts"}],"about":[{"href":"https:\/\/notinor.com\/jujuy\/wp-json\/wp\/v2\/types\/post"}],"author":[{"embeddable":true,"href":"https:\/\/notinor.com\/jujuy\/wp-json\/wp\/v2\/users\/1"}],"replies":[{"embeddable":true,"href":"https:\/\/notinor.com\/jujuy\/wp-json\/wp\/v2\/comments?post=249083"}],"version-history":[{"count":2,"href":"https:\/\/notinor.com\/jujuy\/wp-json\/wp\/v2\/posts\/249083\/revisions"}],"predecessor-version":[{"id":249086,"href":"https:\/\/notinor.com\/jujuy\/wp-json\/wp\/v2\/posts\/249083\/revisions\/249086"}],"wp:featuredmedia":[{"embeddable":true,"href":"https:\/\/notinor.com\/jujuy\/wp-json\/wp\/v2\/media\/249085"}],"wp:attachment":[{"href":"https:\/\/notinor.com\/jujuy\/wp-json\/wp\/v2\/media?parent=249083"}],"wp:term":[{"taxonomy":"category","embeddable":true,"href":"https:\/\/notinor.com\/jujuy\/wp-json\/wp\/v2\/categories?post=249083"},{"taxonomy":"post_tag","embeddable":true,"href":"https:\/\/notinor.com\/jujuy\/wp-json\/wp\/v2\/tags?post=249083"}],"curies":[{"name":"wp","href":"https:\/\/api.w.org\/{rel}","templated":true}]}}