{"id":249074,"date":"2020-06-30T18:59:32","date_gmt":"2020-06-30T21:59:32","guid":{"rendered":"https:\/\/notinor.com\/jujuy\/?p=249074"},"modified":"2020-06-30T18:59:41","modified_gmt":"2020-06-30T21:59:41","slug":"gestiones-para-que-la-provincia-sea-beneficiada-con-el-tercera-cuota-del-ife","status":"publish","type":"post","link":"https:\/\/notinor.com\/jujuy\/gestiones-para-que-la-provincia-sea-beneficiada-con-el-tercera-cuota-del-ife\/","title":{"rendered":"Gestiones para que la provincia sea beneficiada con el tercera cuota del IFE"},"content":{"rendered":"\n<p><\/p>\n\n\n\n<p>Mantuvieron un importante encuentro el Titular de ANSES Jujuy Adri\u00e1n Mendieta y el diputado provincial Fabi\u00e1n Tejerina. <\/p>\n\n\n\n<figure class=\"wp-block-image size-large\"><img decoding=\"async\" loading=\"lazy\" width=\"640\" height=\"480\" src=\"https:\/\/notinor.com\/jujuy\/wp-content\/uploads\/2020\/06\/ife-gestiones-640x480.jpeg\" alt=\"\" class=\"wp-image-249075\" srcset=\"https:\/\/notinor.com\/jujuy\/wp-content\/uploads\/2020\/06\/ife-gestiones-640x480.jpeg 640w, https:\/\/notinor.com\/jujuy\/wp-content\/uploads\/2020\/06\/ife-gestiones-487x365.jpeg 487w, https:\/\/notinor.com\/jujuy\/wp-content\/uploads\/2020\/06\/ife-gestiones-768x576.jpeg 768w, https:\/\/notinor.com\/jujuy\/wp-content\/uploads\/2020\/06\/ife-gestiones.jpeg 1032w\" sizes=\"(max-width: 640px) 100vw, 640px\" \/><\/figure>\n\n\n\n<p class=\"has-background has-vivid-cyan-blue-background-color\">En dicha reuni\u00f3n present\u00f3 una nota al titular de este organismo y a su vez hizo extenso el pedido al Presidente la Naci\u00f3n Alberto Fern\u00e1ndez para que se efectivice el tercer pago a los\u00a0167.000 beneficiarios del Programa Ingreso Familiar de Emergencia (IFE), pertenecientes a la provincia de Jujuy.<\/p>\n\n\n\n<p>Cabe destacar que el Presidente de la Naci\u00f3n en ocasi\u00f3n de una conferencia de prensa, realizada el d\u00eda 26 de junio del corriente, en el marco de varios anuncios relacionados a la emergencia sanitaria nacional, expresara que la tercera cuota del programa antes mencionado solo se efectivizar\u00e1 para el AMBA y la provincia del Chaco; excluyendo a miles de beneficiarios de Jujuy, por lo cual esto motiv\u00f3 el pedido del diputado Tejerina.<\/p>\n\n\n\n<p>Recordemos que en la provincia de Jujuy el 19 de junio del corriente a\u00f1o el Comit\u00e9 Operativo de Emergencias Provincial dispuso la vuelta a fase 1 de cuarentena y aislamiento social obligatorio, es decir, solo son permitidas las actividades esenciales en los t\u00e9rminos del Decreto del Poder Ejecutivo Nacional 297\/20. Estas medidas afectan a las actividades econ\u00f3micas excluidas por razones sanitarias y vuelven absolutamente necesario el acompa\u00f1amiento del Estado Nacional a la poblaci\u00f3n m\u00e1s vulnerable de nuestra provincia.<\/p>\n\n\n\n<p>A su vez el legislador se\u00f1al\u00f3 \u201cque Jujuy no sea incorporada para el pago del IFE no solo significar\u00eda un grave perjuicio hacia las familias, sino que la misma ser\u00eda totalmente injustificada ya que las consecuencias socio\/econ\u00f3micas de la pandemia golpean a los habitantes de AMBA, Chaco o Jujuy de igual manera\u201d.<\/p>\n","protected":false},"excerpt":{"rendered":"<p>Mantuvieron un importante encuentro el Titular de ANSES Jujuy Adri\u00e1n Mendieta y el diputado provincial Fabi\u00e1n Tejerina. En dicha reuni\u00f3n present\u00f3 una nota al titular de este organismo y a su vez hizo extenso el pedido al Presidente la Naci\u00f3n Alberto Fern\u00e1ndez para que se efectivice el tercer pago a los\u00a0167.000 beneficiarios del Programa Ingreso [&hellip;]<\/p>\n","protected":false},"author":1,"featured_media":249075,"comment_status":"open","ping_status":"open","sticky":false,"template":"","format":"standard","meta":{"_stopmodifiedupdate":false,"_modified_date":"","inline_featured_image":false,"spay_email":"","jetpack_publicize_message":"Mantuvieron un importante encuentro el Titular de ANSES Jujuy Adri\u00e1n Mendieta y el diputado provincial Fabi\u00e1n Tejerina. "},"categories":[501],"tags":[],"jetpack_featured_media_url":"https:\/\/notinor.com\/jujuy\/wp-content\/uploads\/2020\/06\/ife-gestiones.jpeg","jetpack_publicize_connections":[],"_links":{"self":[{"href":"https:\/\/notinor.com\/jujuy\/wp-json\/wp\/v2\/posts\/249074"}],"collection":[{"href":"https:\/\/notinor.com\/jujuy\/wp-json\/wp\/v2\/posts"}],"about":[{"href":"https:\/\/notinor.com\/jujuy\/wp-json\/wp\/v2\/types\/post"}],"author":[{"embeddable":true,"href":"https:\/\/notinor.com\/jujuy\/wp-json\/wp\/v2\/users\/1"}],"replies":[{"embeddable":true,"href":"https:\/\/notinor.com\/jujuy\/wp-json\/wp\/v2\/comments?post=249074"}],"version-history":[{"count":1,"href":"https:\/\/notinor.com\/jujuy\/wp-json\/wp\/v2\/posts\/249074\/revisions"}],"predecessor-version":[{"id":249076,"href":"https:\/\/notinor.com\/jujuy\/wp-json\/wp\/v2\/posts\/249074\/revisions\/249076"}],"wp:featuredmedia":[{"embeddable":true,"href":"https:\/\/notinor.com\/jujuy\/wp-json\/wp\/v2\/media\/249075"}],"wp:attachment":[{"href":"https:\/\/notinor.com\/jujuy\/wp-json\/wp\/v2\/media?parent=249074"}],"wp:term":[{"taxonomy":"category","embeddable":true,"href":"https:\/\/notinor.com\/jujuy\/wp-json\/wp\/v2\/categories?post=249074"},{"taxonomy":"post_tag","embeddable":true,"href":"https:\/\/notinor.com\/jujuy\/wp-json\/wp\/v2\/tags?post=249074"}],"curies":[{"name":"wp","href":"https:\/\/api.w.org\/{rel}","templated":true}]}}