{"id":249073,"date":"2020-06-30T19:03:25","date_gmt":"2020-06-30T22:03:25","guid":{"rendered":"https:\/\/notinor.com\/jujuy\/?p=249073"},"modified":"2020-06-30T19:03:28","modified_gmt":"2020-06-30T22:03:28","slug":"se-anunciaria-la-reapertura-de-la-actividad-ferial-de-monterrico","status":"publish","type":"post","link":"https:\/\/notinor.com\/jujuy\/se-anunciaria-la-reapertura-de-la-actividad-ferial-de-monterrico\/","title":{"rendered":"Se anunciar\u00eda la reapertura de la actividad ferial de Monterrico"},"content":{"rendered":"\n<h2>El anuncio oficial se realizar\u00eda en las pr\u00f3ximas horas.<\/h2>\n\n\n\n<figure class=\"wp-block-image size-large\"><img decoding=\"async\" loading=\"lazy\" width=\"960\" height=\"501\" src=\"https:\/\/i1.wp.com\/notinor.com\/jujuy\/wp-content\/uploads\/2020\/06\/82344921_175111403990675_4482262439160630682_o.jpg?fit=840%2C438&amp;ssl=1\" alt=\"\" class=\"wp-image-249077\" srcset=\"https:\/\/notinor.com\/jujuy\/wp-content\/uploads\/2020\/06\/82344921_175111403990675_4482262439160630682_o.jpg 960w, https:\/\/notinor.com\/jujuy\/wp-content\/uploads\/2020\/06\/82344921_175111403990675_4482262439160630682_o-660x344.jpg 660w, https:\/\/notinor.com\/jujuy\/wp-content\/uploads\/2020\/06\/82344921_175111403990675_4482262439160630682_o-840x438.jpg 840w, https:\/\/notinor.com\/jujuy\/wp-content\/uploads\/2020\/06\/82344921_175111403990675_4482262439160630682_o-768x401.jpg 768w\" sizes=\"(max-width: 960px) 100vw, 960px\" \/><\/figure>\n\n\n\n<p>Esta ma\u00f1ana, el intendente Nilson Ortega junto al Pte. Del\nConcejo Deliberante Miguel Consultti se entrevist\u00f3 con el ministro de la\nProducci\u00f3n de Jujuy, Dr. Exequiel Lello Ivacevich donde se le plante\u00f3 la\nimperiosa necesidad de la reactivaci\u00f3n de la feria de Monterrico. <\/p>\n\n\n\n<p>La reuni\u00f3n se llev\u00f3 adelante con buena predisposici\u00f3n de\ntodas las partes para el funcionamiento de la feria al considerarse; un punto\nde control y regulador de precios, fuente laboral y la apertura de la feria con\nproductores de la regi\u00f3n. Es por ello que el Ministro dio el visto bueno para\nla apertura de la feria cuyo anuncio oficial se realizar\u00e1 en las pr\u00f3ximas\nhoras.<\/p>\n\n\n\n<p>Cabe destacar que abra mayores controles de bioseguridad a\nlos fines del cuidado de todos.<\/p>\n","protected":false},"excerpt":{"rendered":"<p>El anuncio oficial se realizar\u00eda en las pr\u00f3ximas horas. Esta ma\u00f1ana, el intendente Nilson Ortega junto al Pte. Del Concejo Deliberante Miguel Consultti se entrevist\u00f3 con el ministro de la Producci\u00f3n de Jujuy, Dr. Exequiel Lello Ivacevich donde se le plante\u00f3 la imperiosa necesidad de la reactivaci\u00f3n de la feria de Monterrico. La reuni\u00f3n se [&hellip;]<\/p>\n","protected":false},"author":1,"featured_media":249077,"comment_status":"open","ping_status":"open","sticky":false,"template":"","format":"standard","meta":{"_stopmodifiedupdate":false,"_modified_date":"","inline_featured_image":false,"spay_email":"","jetpack_publicize_message":""},"categories":[4],"tags":[],"jetpack_featured_media_url":"https:\/\/notinor.com\/jujuy\/wp-content\/uploads\/2020\/06\/82344921_175111403990675_4482262439160630682_o.jpg","jetpack_publicize_connections":[],"_links":{"self":[{"href":"https:\/\/notinor.com\/jujuy\/wp-json\/wp\/v2\/posts\/249073"}],"collection":[{"href":"https:\/\/notinor.com\/jujuy\/wp-json\/wp\/v2\/posts"}],"about":[{"href":"https:\/\/notinor.com\/jujuy\/wp-json\/wp\/v2\/types\/post"}],"author":[{"embeddable":true,"href":"https:\/\/notinor.com\/jujuy\/wp-json\/wp\/v2\/users\/1"}],"replies":[{"embeddable":true,"href":"https:\/\/notinor.com\/jujuy\/wp-json\/wp\/v2\/comments?post=249073"}],"version-history":[{"count":1,"href":"https:\/\/notinor.com\/jujuy\/wp-json\/wp\/v2\/posts\/249073\/revisions"}],"predecessor-version":[{"id":249078,"href":"https:\/\/notinor.com\/jujuy\/wp-json\/wp\/v2\/posts\/249073\/revisions\/249078"}],"wp:featuredmedia":[{"embeddable":true,"href":"https:\/\/notinor.com\/jujuy\/wp-json\/wp\/v2\/media\/249077"}],"wp:attachment":[{"href":"https:\/\/notinor.com\/jujuy\/wp-json\/wp\/v2\/media?parent=249073"}],"wp:term":[{"taxonomy":"category","embeddable":true,"href":"https:\/\/notinor.com\/jujuy\/wp-json\/wp\/v2\/categories?post=249073"},{"taxonomy":"post_tag","embeddable":true,"href":"https:\/\/notinor.com\/jujuy\/wp-json\/wp\/v2\/tags?post=249073"}],"curies":[{"name":"wp","href":"https:\/\/api.w.org\/{rel}","templated":true}]}}