{"id":249067,"date":"2020-06-30T18:37:14","date_gmt":"2020-06-30T21:37:14","guid":{"rendered":"https:\/\/notinor.com\/jujuy\/?p=249067"},"modified":"2020-06-30T18:37:22","modified_gmt":"2020-06-30T21:37:22","slug":"confirman-perpetua-para-los-asesinos-de-candela-rodriguez","status":"publish","type":"post","link":"https:\/\/notinor.com\/jujuy\/confirman-perpetua-para-los-asesinos-de-candela-rodriguez\/","title":{"rendered":"Confirman perpetua para los asesinos de Candela Rodriguez"},"content":{"rendered":"\n<h2>\"Fueron nueve a\u00f1os de lucha, por eso hoy lloro de alegr\u00eda\", dijo la madre<\/h2>\n\n\n\n<figure class=\"wp-block-image size-large\"><img decoding=\"async\" loading=\"lazy\" width=\"795\" height=\"480\" src=\"https:\/\/notinor.com\/jujuy\/wp-content\/uploads\/2020\/06\/carola-labrador-795x480.jpg\" alt=\"\" class=\"wp-image-249069\" srcset=\"https:\/\/notinor.com\/jujuy\/wp-content\/uploads\/2020\/06\/carola-labrador-795x480.jpg 795w, https:\/\/notinor.com\/jujuy\/wp-content\/uploads\/2020\/06\/carola-labrador-605x365.jpg 605w, https:\/\/notinor.com\/jujuy\/wp-content\/uploads\/2020\/06\/carola-labrador-768x464.jpg 768w, https:\/\/notinor.com\/jujuy\/wp-content\/uploads\/2020\/06\/carola-labrador.jpg 800w\" sizes=\"(max-width: 795px) 100vw, 795px\" \/><\/figure>\n\n\n\n<p>Carola Labrador, la madre de Candela Sol Rodr\u00edguez, la ni\u00f1a de 11 a\u00f1os secuestrada y asesinada en 2011 en el partido bonaerense de Hurlingham, asegur\u00f3 este lunes que los dos hombres condenados como autores del crimen \u201cson degenerados\u201d, y dijo que su hija le dio \u201cla fuerza\u201d para luchar \u201cestos nueve a\u00f1os\u201d en reclamo de Justicia.<\/p>\n\n\n\n<p>\u201c<strong>Fueron nueve a\u00f1os de lucha. Cuando la encontr\u00e9 tirada a mi hija en el descampado, le promet\u00ed que iba a hacer Justicia.<\/strong>&nbsp;Por eso hoy lloro de alegr\u00eda\u201d, dijo Labrador esta ma\u00f1ana al enterarse del fallo del Tribunal de Casaci\u00f3n bonaerense que confirm\u00f3 la sentencia del juicio oral.<\/p>\n\n\n\n<p>La mujer record\u00f3 que a su hija \u201cla tiraron como a un perro en una bolsa\u201d en un descampado del partido de Hurlingham y que fue la ni\u00f1a quien le dio \u201cla fuerza para que\u00a0hoy los acusados tengan perpetua\u201c.<\/p>\n\n\n\n<p>Labrador agreg\u00f3 que los dos condenados a prisi\u00f3n perpetua como coautores del crimen \u201cson dos degenerados menos que van a joderle la vida a una familia\u201c.<\/p>\n\n\n\n<p>\u201cEstoy feliz porque despu\u00e9s de tantos a\u00f1os se confirm\u00f3 la perpetua para estos degenerados\u201d, agreg\u00f3 la mujer.<\/p>\n\n\n\n<p><strong>Fallo<\/strong><\/p>\n\n\n\n<p>El Tribunal de Casaci\u00f3n penal bonaerense confirm\u00f3 hoy las sentencias de los tres condenados por el crimen de Candela, secuestrada y asesinada en 2011 en el partido bonaerense de Hurlingham, informaron fuentes judiciales.<\/p>\n\n\n\n<p>La Sala IV del m\u00e1ximo tribunal penal bonaerense, integrada por los jueces Ricardo Maidana, Ricardo Borinsky y Fernando Mancini, confirm\u00f3 as\u00ed el fallo condenatorio para los tres imputados que en 2017 fueron juzgados por el Tribunal Oral en lo Criminal 3 de Mor\u00f3n.<\/p>\n\n\n\n<p><strong>En el caso de Hugo Elbio Berm\u00fadez (63) y Leonardo Daniel Jara (43), ratificaron la pena a prisi\u00f3n perpetua<\/strong>&nbsp;como coautores del delito de \u201cprivaci\u00f3n ilegal de la libertad coactiva seguida de muerte\u201d&nbsp;<strong>y los cuatro a\u00f1os de c\u00e1rcel para Gabriel Fabi\u00e1n G\u00f3mez (49) como \u201cpart\u00edcipe secundario\u201d del hecho<\/strong>.<\/p>\n\n\n\n<p>En este \u00faltimo caso, la confirmaci\u00f3n de la condena de G\u00f3mez fue por el voto mayoritario de Maidana y Mancini, mientras que Borinsky sostuvo en disidencia que no hab\u00eda certeza para condenarlo por el hecho.<\/p>\n\n\n\n<p>Los elementos que el TOC 3 de Mor\u00f3n ponder\u00f3 para las condenas en ese juicio oral fueron las pruebas de ADN, que demostraron el cautiverio de la ni\u00f1a en la casa de la calle Kiernan 992, de Hurlingham, y que vincularon a Berm\u00fadez, quien tambi\u00e9n qued\u00f3 implicado con la quema de evidencias en la casa de su ex pareja.<\/p>\n\n\n\n<p>Adem\u00e1s, pericias de audio confirmaron que Jara fue el autor de un llamado con un mensaje hacia Carola Labrador, la madre de Candela, en el que le dijeron: \u201cHasta que esa c\u2026 no devuelva la guita no la va a ver nunca m\u00e1s, que le pregunte al marido d\u00f3nde dej\u00f3 la guita\u201d.<\/p>\n\n\n\n<p>En los fundamentos de aquella sentencia del 20 de septiembre de 2017, los jueces Diego Bonanno, Raquel Lafourcade y Mariela Moralejo sostuvieron que el m\u00f3vil de la privaci\u00f3n ilegal de la ni\u00f1a fue un \u201cajuste de cuentas contra el padre (de Candela), por alg\u00fan il\u00edcito que este cometiera\u201d, en referencia a Alfredo Rodr\u00edguez, quien al momento del secuestro de su hija cumpl\u00eda condena por pirater\u00eda del asfalto.<\/p>\n\n\n\n<p><strong>Por el caso Candela, habr\u00e1 un segundo juicio, probablemente en 2021, en el que ser\u00e1n juzgados como \u201cpart\u00edcipes necesarios\u201d del crimen de la ni\u00f1a el narcotraficante Miguel Angel \u201cMameluco\u201d Villalba (56), condenado a 27 a\u00f1os de c\u00e1rcel por una serie de causas por narcotr\u00e1fico en la villa 9 de Julio de San Mart\u00edn; junto al ex polic\u00eda bonaerense Sergio Chazarreta (52); el sindicado informante policial H\u00e9ctor \u201cEl Topo\u201d Moreyra (50); y el carpintero N\u00e9stor Altamirano (59).<\/strong><\/p>\n\n\n\n<p>Para el fiscal de Mor\u00f3n Mario Ferrario, Villalba lider\u00f3 la organizaci\u00f3n criminal que cometi\u00f3 el secuestro y crimen de Candela.<\/p>\n\n\n\n<p>Respecto del m\u00f3vil del crimen, para la fiscal\u00eda se combinaron dos cuestiones: una, que<strong>&nbsp;Villalba se quiso vengar del padre de la ni\u00f1a, Alfredo Rodr\u00edguez, porque crey\u00f3 que \u00e9ste hab\u00eda \u201cdateado\u201d a la Polic\u00eda Federal (PFA) para que lo detuvieran 13 d\u00edas antes de la desaparici\u00f3n de la ni\u00f1a.<\/strong><\/p>\n\n\n\n<p>Y la otra fue que la organizaci\u00f3n criminal buscaba ajustar cuentas con el padre de la v\u00edctima -en aquel momento detenido por pirater\u00eda del asfalto- por una deuda econ\u00f3mica.<\/p>\n\n\n\n<p>Adem\u00e1s, tres altos jefes policiales del momento, los ex de la Polic\u00eda bonaerense Hugo Matzkin y Juan Carlos Paggi, y el ex de Investigaciones de esa fuerza Roberto Castronuovo, fueron indagados el a\u00f1o pasado por \u201cencubrimiento agravado\u201d en el caso Candela, aunque luego fueron sobrese\u00eddos, pero la Fiscal\u00eda General de Mor\u00f3n apel\u00f3 esa resoluci\u00f3n en febrero pasado.<\/p>\n\n\n\n<p><strong>Candela fue vista con vida por \u00faltima vez el 22 de agosto de 2011 en la localidad bonaerense de Villa Tesei, partido de Hurlingham -donde resid\u00eda-, cuando esperaba a unas amigas para ir a la reuni\u00f3n del grupo de boy scouts al que pertenec\u00eda.<\/strong><\/p>\n\n\n\n<p>El 28, la t\u00eda de la ni\u00f1a recibi\u00f3 la llamada extorsiva atribuida a Jara, en tanto el 31 del mismo mes el cuerpo de la v\u00edctima apareci\u00f3 en una bolsa, al costado de la colectora de la Autopista del Oeste, a unas 30 cuadras de su casa. (T\u00e9lam)<\/p>\n","protected":false},"excerpt":{"rendered":"<p>\"Fueron nueve a\u00f1os de lucha, por eso hoy lloro de alegr\u00eda\", dijo la madre Carola Labrador, la madre de Candela Sol Rodr\u00edguez, la ni\u00f1a de 11 a\u00f1os secuestrada y asesinada en 2011 en el partido bonaerense de Hurlingham, asegur\u00f3 este lunes que los dos hombres condenados como autores del crimen \u201cson degenerados\u201d, y dijo que [&hellip;]<\/p>\n","protected":false},"author":1,"featured_media":249070,"comment_status":"open","ping_status":"open","sticky":false,"template":"","format":"standard","meta":{"_stopmodifiedupdate":false,"_modified_date":"","inline_featured_image":false,"spay_email":"","jetpack_publicize_message":""},"categories":[3],"tags":[],"jetpack_featured_media_url":"https:\/\/notinor.com\/jujuy\/wp-content\/uploads\/2020\/06\/13-Candela-Archivo.jpg","jetpack_publicize_connections":[],"_links":{"self":[{"href":"https:\/\/notinor.com\/jujuy\/wp-json\/wp\/v2\/posts\/249067"}],"collection":[{"href":"https:\/\/notinor.com\/jujuy\/wp-json\/wp\/v2\/posts"}],"about":[{"href":"https:\/\/notinor.com\/jujuy\/wp-json\/wp\/v2\/types\/post"}],"author":[{"embeddable":true,"href":"https:\/\/notinor.com\/jujuy\/wp-json\/wp\/v2\/users\/1"}],"replies":[{"embeddable":true,"href":"https:\/\/notinor.com\/jujuy\/wp-json\/wp\/v2\/comments?post=249067"}],"version-history":[{"count":1,"href":"https:\/\/notinor.com\/jujuy\/wp-json\/wp\/v2\/posts\/249067\/revisions"}],"predecessor-version":[{"id":249071,"href":"https:\/\/notinor.com\/jujuy\/wp-json\/wp\/v2\/posts\/249067\/revisions\/249071"}],"wp:featuredmedia":[{"embeddable":true,"href":"https:\/\/notinor.com\/jujuy\/wp-json\/wp\/v2\/media\/249070"}],"wp:attachment":[{"href":"https:\/\/notinor.com\/jujuy\/wp-json\/wp\/v2\/media?parent=249067"}],"wp:term":[{"taxonomy":"category","embeddable":true,"href":"https:\/\/notinor.com\/jujuy\/wp-json\/wp\/v2\/categories?post=249067"},{"taxonomy":"post_tag","embeddable":true,"href":"https:\/\/notinor.com\/jujuy\/wp-json\/wp\/v2\/tags?post=249067"}],"curies":[{"name":"wp","href":"https:\/\/api.w.org\/{rel}","templated":true}]}}