{"id":249053,"date":"2020-06-30T17:56:15","date_gmt":"2020-06-30T20:56:15","guid":{"rendered":"https:\/\/notinor.com\/jujuy\/?p=249053"},"modified":"2020-06-30T17:56:20","modified_gmt":"2020-06-30T20:56:20","slug":"programa-integral-de-emprendedores-en-red","status":"publish","type":"post","link":"https:\/\/notinor.com\/jujuy\/programa-integral-de-emprendedores-en-red\/","title":{"rendered":"Programa integral de emprendedores en red"},"content":{"rendered":"\n<p> En esta etapa en la que la provincia retorn\u00f3 a la \u201cFase 1\u201d es  imprescindible quedarnos en casa cuid\u00e1ndonos para prevenir la  propagaci\u00f3n del virus, de esta forma y movidos por esta nueva normalidad  la retroalimentaci\u00f3n entre cliente y vendedor cambiaron de espacios.<\/p>\n\n\n\n<figure class=\"wp-block-image size-large\"><img decoding=\"async\" loading=\"lazy\" width=\"750\" height=\"395\" src=\"https:\/\/notinor.com\/jujuy\/wp-content\/uploads\/2020\/06\/emprendedores-en-red200x300.png\" alt=\"\" class=\"wp-image-249054\" srcset=\"https:\/\/notinor.com\/jujuy\/wp-content\/uploads\/2020\/06\/emprendedores-en-red200x300.png 750w, https:\/\/notinor.com\/jujuy\/wp-content\/uploads\/2020\/06\/emprendedores-en-red200x300-660x348.png 660w\" sizes=\"(max-width: 750px) 100vw, 750px\" \/><\/figure>\n\n\n\n<p class=\"has-background has-vivid-cyan-blue-background-color\"><strong>Desde la direcci\u00f3n general de Desarrollo, dependiente de la secretar\u00eda de Planificaci\u00f3n, Desarrollo y Modernizaci\u00f3n de la Municipalidad de la Capital, invitan a todos los emprendedores de la ciudad a sumarse a la red integral gratuita para difundir sus productos, artesan\u00edas, regaler\u00edas, gastronom\u00eda, manualidades o cualquier tipo de servicios disponibles que puedan aportar, inscribi\u00e9ndose a trav\u00e9s del link: http:\/\/sansalvadordejujuy.gob.ar\/emprendedoresenred, o por v\u00eda telef\u00f3nica: 388-4378477 o 388-4347227.<\/strong><\/p>\n\n\n\n<p>En esta etapa en la que la provincia retorn\u00f3 a la \u201cFase 1\u201d\nes imprescindible quedarnos en casa cuid\u00e1ndonos para prevenir la propagaci\u00f3n\ndel virus, de esta forma y movidos por esta nueva normalidad la\nretroalimentaci\u00f3n entre cliente y vendedor cambiaron de espacios, el contacto\ndirecto se reemplaz\u00f3 por las conexiones virtuales y en esa evoluci\u00f3n surgen las\npropuestas de \u201cEmprendedores en Red\u201d.<\/p>\n\n\n\n<p>Al respecto la directora general de Desarrollo, Viviana\nG\u00f3mez, indic\u00f3 \u201clo que buscamos es que por un lado los vecinos se queden en casa\ny que a trav\u00e9s de la conexi\u00f3n digital, ellos puedan realizar sus compras satisfaciendo\nsus necesidades y de paso los emprendedores de manera directa difunden sus\nproductos o servicios a la comunidad\u201d.<\/p>\n\n\n\n<p>Y continu\u00f3 relatando que el esp\u00edritu del programa es que sea\nlo m\u00e1s amplio posible de tal manera \u201cque cualquier emprendedor independientemente\ndel rubro que tenga puede ser parte de este formato innovador y masivo, desde\nlos que hacen delivery hasta los que brindan alg\u00fan servicio de mantenimiento\npara el hogar, buscamos que puedan ofrecer sus art\u00edculos o servicios a m\u00e1s\nclientes\u201d, aclar\u00f3.<\/p>\n\n\n\n<p>Por otro lado, resalt\u00f3 que parte del \u00e9xito del programa es\nque ingresando al link y desde la tranquilidad del hogar los vecinos pueden\nencontrar alg\u00fan servicio o art\u00edculo que estaban buscando y de esta manera est\u00e1n\nayudando a un emprendedor para que siga trabajando, \u201cnecesitamos que los\nvecinos se sumen y vean la gama de emprendedores disponibles , ya tenemos m\u00e1s\nde 65 emprendedores inscriptos y aclaramos a los vecinos que el contacto es\ndirecto entre empresa \u2013 cliente lo que garantiza la fiabilidad del programa\u201d,\nconcluy\u00f3 Viviana G\u00f3mez.<\/p>\n\n\n\n<p>Para finalizar, desde la direcci\u00f3n general de Desarrollo de\nla Municipalidad informan que este servicio es totalmente gratuito y cada\nemprendedor que quiera sumarse deber\u00e1 ingresar los siguientes requisitos: tipo\nde rubro o servicio que posee, nombre y apellido del titular, el nombre del\nemprendimiento, el lugar en donde se desarrolla la actividad y lo m\u00e1s\nimportante si posee servicio de cadeter\u00eda o modo delivery. Toda esta\ninformaci\u00f3n lo puede hacer inscribi\u00e9ndose a trav\u00e9s del link:\nhttp:\/\/sansalvadordejujuy.gob.ar\/emprendedoresenred, o por v\u00eda telef\u00f3nica\n388-437 8477 o 388-434 7227, de 8 a 20hs.<\/p>\n","protected":false},"excerpt":{"rendered":"<p>En esta etapa en la que la provincia retorn\u00f3 a la \u201cFase 1\u201d es imprescindible quedarnos en casa cuid\u00e1ndonos para prevenir la propagaci\u00f3n del virus, de esta forma y movidos por esta nueva normalidad la retroalimentaci\u00f3n entre cliente y vendedor cambiaron de espacios. Desde la direcci\u00f3n general de Desarrollo, dependiente de la secretar\u00eda de Planificaci\u00f3n, [&hellip;]<\/p>\n","protected":false},"author":5,"featured_media":249054,"comment_status":"open","ping_status":"open","sticky":false,"template":"","format":"standard","meta":{"_stopmodifiedupdate":false,"_modified_date":"","inline_featured_image":false,"spay_email":"","jetpack_publicize_message":" En esta etapa en la que la provincia retorn\u00f3 a la \u201cFase 1\u201d es  imprescindible quedarnos en casa cuid\u00e1ndonos para prevenir la  propagaci\u00f3n del virus, de esta forma y movidos por esta nueva normalidad  la retroalimentaci\u00f3n entre cliente y vendedor cambiaron"},"categories":[514],"tags":[],"jetpack_featured_media_url":"https:\/\/notinor.com\/jujuy\/wp-content\/uploads\/2020\/06\/emprendedores-en-red200x300.png","jetpack_publicize_connections":[],"_links":{"self":[{"href":"https:\/\/notinor.com\/jujuy\/wp-json\/wp\/v2\/posts\/249053"}],"collection":[{"href":"https:\/\/notinor.com\/jujuy\/wp-json\/wp\/v2\/posts"}],"about":[{"href":"https:\/\/notinor.com\/jujuy\/wp-json\/wp\/v2\/types\/post"}],"author":[{"embeddable":true,"href":"https:\/\/notinor.com\/jujuy\/wp-json\/wp\/v2\/users\/5"}],"replies":[{"embeddable":true,"href":"https:\/\/notinor.com\/jujuy\/wp-json\/wp\/v2\/comments?post=249053"}],"version-history":[{"count":1,"href":"https:\/\/notinor.com\/jujuy\/wp-json\/wp\/v2\/posts\/249053\/revisions"}],"predecessor-version":[{"id":249055,"href":"https:\/\/notinor.com\/jujuy\/wp-json\/wp\/v2\/posts\/249053\/revisions\/249055"}],"wp:featuredmedia":[{"embeddable":true,"href":"https:\/\/notinor.com\/jujuy\/wp-json\/wp\/v2\/media\/249054"}],"wp:attachment":[{"href":"https:\/\/notinor.com\/jujuy\/wp-json\/wp\/v2\/media?parent=249053"}],"wp:term":[{"taxonomy":"category","embeddable":true,"href":"https:\/\/notinor.com\/jujuy\/wp-json\/wp\/v2\/categories?post=249053"},{"taxonomy":"post_tag","embeddable":true,"href":"https:\/\/notinor.com\/jujuy\/wp-json\/wp\/v2\/tags?post=249053"}],"curies":[{"name":"wp","href":"https:\/\/api.w.org\/{rel}","templated":true}]}}