{"id":248629,"date":"2020-06-28T19:04:15","date_gmt":"2020-06-28T22:04:15","guid":{"rendered":"https:\/\/notinor.com\/jujuy\/?p=248629"},"modified":"2020-06-28T19:04:53","modified_gmt":"2020-06-28T22:04:53","slug":"polemica-por-la-ubicacion-del-crematorio-municipal-de-jujuy","status":"publish","type":"post","link":"https:\/\/notinor.com\/jujuy\/polemica-por-la-ubicacion-del-crematorio-municipal-de-jujuy\/","title":{"rendered":"Pol\u00e9mica por la ubicaci\u00f3n del crematorio municipal de Jujuy"},"content":{"rendered":"\n<p>El concejal capitalino Mat\u00edas Dom\u00ednguez, del Bloque Frente de Todos, asegur\u00f3 que \u201cla Intendencia y el bloque radical del Concejo Deliberante de San Salvador de Jujuy ignoran las ordenanzas que est\u00e1n en vigencia\u201d y denunci\u00f3 que a partir de sus cr\u00edticas \u201cse ha montado desde el oficialismo del gobierno de la ciudad una campa\u00f1a de desinformaci\u00f3n para ocultarle a los vecinos la verdad sobre la instalaci\u00f3n del crematorio municipal en el cementerio Del Salvador\u201d.<\/p>\n\n\n\n<figure class=\"wp-block-image size-large\"><img decoding=\"async\" loading=\"lazy\" width=\"774\" height=\"1032\" src=\"https:\/\/i0.wp.com\/notinor.com\/jujuy\/wp-content\/uploads\/2020\/06\/matias.jpg?fit=360%2C480&amp;ssl=1\" alt=\"\" class=\"wp-image-248631\" srcset=\"https:\/\/notinor.com\/jujuy\/wp-content\/uploads\/2020\/06\/matias.jpg 774w, https:\/\/notinor.com\/jujuy\/wp-content\/uploads\/2020\/06\/matias-274x365.jpg 274w, https:\/\/notinor.com\/jujuy\/wp-content\/uploads\/2020\/06\/matias-360x480.jpg 360w, https:\/\/notinor.com\/jujuy\/wp-content\/uploads\/2020\/06\/matias-768x1024.jpg 768w\" sizes=\"(max-width: 774px) 100vw, 774px\" \/><\/figure>\n\n\n\n<p>&nbsp;Asimismo, el edil peronista lament\u00f3 que a la par de esa campa\u00f1a se haya puesto en marcha en las \u00faltimas horas \u201cuna operaci\u00f3n medi\u00e1tica para desprestigiarlo\u201d, asegurando que con su voto aval\u00f3 la instalaci\u00f3n del crematorio en el predio de la necr\u00f3polis municipal, \u201calgo que es totalmente falso\u201d, aclar\u00f3.<\/p>\n\n\n\n<p>&nbsp;En esa l\u00ednea, Dom\u00ednguez reiter\u00f3 que siempre sostuvo que era necesario un horno crematorio, pero remarc\u00f3 que lo que salieron a decir desde el radicalismo es falso. \u201cSiempre remarqu\u00e9 que se necesita un crematorio, pero no apoye que el lugar para su instalaci\u00f3n sea en plena traza urbana de la ciudad. Sorprende que ahora se pretenda con chicanas desviar la atenci\u00f3n sobre un tema que inquieta a la opini\u00f3n p\u00fablica en general\u201d, refiri\u00f3.<\/p>\n\n\n\n<p>&nbsp;\u201cComo vengo sosteniendo, al igual que el Bloque Frente de Todos, resulta importante tener un crematorio en Jujuy, pero la discusi\u00f3n gira en torno a su ubicaci\u00f3n. Por lo mismo, desde que asum\u00ed mi banca de concejal, el trabajo que se realiza es con coherencia y l\u00f3gica parlamentaria. En ning\u00fan momento me opuse a la ordenanza que facult\u00f3 al municipio a realizar gestiones para la instalaci\u00f3n de un horno crematorio en el ejido municipal, pero hay normas que se deben respetar\u201d, a\u00f1adi\u00f3.<\/p>\n\n\n\n<p>&nbsp;\u201cAs\u00ed, a la luz de esta campa\u00f1a de desprestigio iniciada en mi contra, me veo en la obligaci\u00f3n de refrescarle la memoria a los concejales del Bloque de la UCR y al Ejecutivo municipal. La Ordenanza 6084 aprobada en 2011, en el anexo IIIB, alude a los servicios f\u00fanebres y proh\u00edbe la instalaci\u00f3n de un horno crematorio en una zona urbana\u201d.<\/p>\n\n\n\n<p>&nbsp;\u201cAnte la preocupaci\u00f3n y necesidad de contar con un nuevo cementerio municipal, en 2012 se sancion\u00f3 la Ordenanza 6303 que a su vez normativizo la cremaci\u00f3n, con finalidad de tener una necr\u00f3polis y realizar el expurgo de los cementerios municipales ante su saturaci\u00f3n. Mientras que en 2017 se estableci\u00f3 la Ordenanza 7144 que dispone la creaci\u00f3n de un crematorio municipal, aunque la norma no dice nada de la ubicaci\u00f3n del mismo\u201d, asegur\u00f3.<\/p>\n\n\n\n<p>&nbsp;\u201cEn 2019 previo a escuchar a los profesionales del municipio capitalino y en base al trabajo con los concejales de otras fuerzas partidarias, se aprob\u00f3 por unanimidad la Ordenanza 7377 de reforma del C\u00f3digo de Planeamiento Urbano, donde en su anexo, que se refiere a los servicios que pueden ocasionar molestias o ser peligrosos, proh\u00edbe terminantemente el servicio de cremaci\u00f3n en zona urbana residencial y comercial\u201d, continu\u00f3.<\/p>\n\n\n\n<p>&nbsp;Siguiendo esa l\u00ednea, Dom\u00ednguez afirm\u00f3 que \u201cla Intendencia y el Bloque radical, que ten\u00edan mayor\u00eda parlamentaria en ese momento, nada dijeron de dejar sin efecto o levantar tal prohibici\u00f3n para ubicar un crematorio en plena traza urbana. As\u00ed las cosas, enredados en sus propios errores, el Municipio y la bancada oficialista, quieren poner un horno crematorio en un sitio que est\u00e1 prohibido por ordenanza\u201d.<\/p>\n\n\n\n<p>&nbsp;\u201cA pesar de esta campa\u00f1a de desprestigio, voy a seguir trabajando con coherencia normativa, idoneidad y razonamiento l\u00f3gico. Sigo sosteniendo que es necesario un crematorio para Jujuy, pero siempre y cuando se respeten las normas municipales, provinciales y nacionales\u201d.<\/p>\n\n\n\n<p>&nbsp; \u201cComo militante y hombre del justicialismo, siempre he sido respetuoso de las reglas y entiendo que las mismas brindan seguridad jur\u00eddica para todos aquellos ciudadanos de buena voluntad que quieren ver a nuestra Tacita de Plata brillar en lo m\u00e1s alto de la provincia. Por ello, no podr\u00eda estar de acuerdo, bajo ninguna circunstancia, con la instalaci\u00f3n del crematorio en el centro de la ciudad\u201d.<\/p>\n","protected":false},"excerpt":{"rendered":"<p>El concejal capitalino Mat\u00edas Dom\u00ednguez, del Bloque Frente de Todos, asegur\u00f3 que \u201cla Intendencia y el bloque radical del Concejo Deliberante de San Salvador de Jujuy ignoran las ordenanzas que est\u00e1n en vigencia\u201d y denunci\u00f3 que a partir de sus cr\u00edticas \u201cse ha montado desde el oficialismo del gobierno de la ciudad una campa\u00f1a de [&hellip;]<\/p>\n","protected":false},"author":1,"featured_media":224347,"comment_status":"open","ping_status":"open","sticky":false,"template":"","format":"standard","meta":{"_stopmodifiedupdate":false,"_modified_date":"","inline_featured_image":false,"spay_email":"","jetpack_publicize_message":"Se instalar\u00eda en inmediaciones del cementerio Del Salvador pero aclaran que deben respetarse las ordenanzas vigentes  en la ciudad."},"categories":[514],"tags":[],"jetpack_featured_media_url":"https:\/\/notinor.com\/jujuy\/wp-content\/uploads\/2019\/10\/Cementerio-Municipal.jpg","jetpack_publicize_connections":[],"_links":{"self":[{"href":"https:\/\/notinor.com\/jujuy\/wp-json\/wp\/v2\/posts\/248629"}],"collection":[{"href":"https:\/\/notinor.com\/jujuy\/wp-json\/wp\/v2\/posts"}],"about":[{"href":"https:\/\/notinor.com\/jujuy\/wp-json\/wp\/v2\/types\/post"}],"author":[{"embeddable":true,"href":"https:\/\/notinor.com\/jujuy\/wp-json\/wp\/v2\/users\/1"}],"replies":[{"embeddable":true,"href":"https:\/\/notinor.com\/jujuy\/wp-json\/wp\/v2\/comments?post=248629"}],"version-history":[{"count":1,"href":"https:\/\/notinor.com\/jujuy\/wp-json\/wp\/v2\/posts\/248629\/revisions"}],"predecessor-version":[{"id":248633,"href":"https:\/\/notinor.com\/jujuy\/wp-json\/wp\/v2\/posts\/248629\/revisions\/248633"}],"wp:featuredmedia":[{"embeddable":true,"href":"https:\/\/notinor.com\/jujuy\/wp-json\/wp\/v2\/media\/224347"}],"wp:attachment":[{"href":"https:\/\/notinor.com\/jujuy\/wp-json\/wp\/v2\/media?parent=248629"}],"wp:term":[{"taxonomy":"category","embeddable":true,"href":"https:\/\/notinor.com\/jujuy\/wp-json\/wp\/v2\/categories?post=248629"},{"taxonomy":"post_tag","embeddable":true,"href":"https:\/\/notinor.com\/jujuy\/wp-json\/wp\/v2\/tags?post=248629"}],"curies":[{"name":"wp","href":"https:\/\/api.w.org\/{rel}","templated":true}]}}