{"id":248617,"date":"2020-06-28T18:41:58","date_gmt":"2020-06-28T21:41:58","guid":{"rendered":"https:\/\/notinor.com\/jujuy\/?p=248617"},"modified":"2020-06-28T18:42:07","modified_gmt":"2020-06-28T21:42:07","slug":"la-crisis-por-el-coronavirus-obligo-a-un-jardin-de-infantes-jujeno-a-cerrar-sus-puertas","status":"publish","type":"post","link":"https:\/\/notinor.com\/jujuy\/la-crisis-por-el-coronavirus-obligo-a-un-jardin-de-infantes-jujeno-a-cerrar-sus-puertas\/","title":{"rendered":"La crisis por el coronavirus oblig\u00f3 a un jard\u00edn de infantes juje\u00f1o a cerrar sus puertas"},"content":{"rendered":"\n<p><\/p>\n\n\n\n<p>El jard\u00edn maternal y de infantes Krecer confirm\u00f3 este domingo que por la crisis generada por el coronavirus deber\u00e1 cerrar sus puertas. <\/p>\n\n\n\n<figure class=\"wp-block-image size-large\"><img decoding=\"async\" loading=\"lazy\" width=\"979\" height=\"634\" src=\"https:\/\/i1.wp.com\/notinor.com\/jujuy\/wp-content\/uploads\/2020\/06\/krecer.jpg?fit=741%2C480&amp;ssl=1\" alt=\"\" class=\"wp-image-248625\" srcset=\"https:\/\/notinor.com\/jujuy\/wp-content\/uploads\/2020\/06\/krecer.jpg 979w, https:\/\/notinor.com\/jujuy\/wp-content\/uploads\/2020\/06\/krecer-564x365.jpg 564w, https:\/\/notinor.com\/jujuy\/wp-content\/uploads\/2020\/06\/krecer-741x480.jpg 741w, https:\/\/notinor.com\/jujuy\/wp-content\/uploads\/2020\/06\/krecer-768x497.jpg 768w\" sizes=\"(max-width: 979px) 100vw, 979px\" \/><\/figure>\n\n\n\n<p>\" Nuestro actual espacio f\u00edsico era alquilado en Independencia 169, pero a\u00fan as\u00ed apostamos a brindar nuevos y mejores servicios educativos por lo que ampliamos y mejoramos cada a\u00f1o, todo lo que era requerido por las autoridades educativas y por nuestros anhelos de excelencia.<\/p>\n\n\n\n<blockquote class=\"wp-block-quote is-style-large\"><p><br>Todo esto y mucho m\u00e1s fue desvastado por el efecto econ\u00f3mico a nivel local, nacional y mundial\", resumi\u00f3 en una carta  Maria Celina Sosa, una de las propietaria del colegio. <\/p><\/blockquote>\n\n\n\n<p>Sosa relat\u00f3 coment\u00f3 que el servicio educativo dio sus primeros pasos en el a\u00f1o 2011 en una peque\u00f1a casa adaptada para el funcionamiento de salas para ni\u00f1os peque\u00f1os a partir de 45 d\u00edas y 3 a\u00f1os, en calle Bustamante 65. <\/p>\n\n\n\n<iframe loading=\"lazy\" src=\"https:\/\/www.facebook.com\/plugins\/post.php?href=https%3A%2F%2Fwww.facebook.com%2Fmariacelina.sosa%2Fposts%2F3330736090270542&show_text=true&width=552&height=582&appId\" width=\"552\" height=\"582\" style=\"border:none;overflow:hidden\" scrolling=\"no\" frameborder=\"0\" allowTransparency=\"true\" allow=\"encrypted-media\"><\/iframe>\n\n\n\n<p> \"Somos una instituci\u00f3n donde se brind\u00f3 el tiempo, atenci\u00f3n y dedicaci\u00f3n especial a ni\u00f1os con discapacidades que fueron detectadas y tratadas en el momento justo, la diversidad que presenta tantas aristas fue trabajada con respeto y mucho amor\", a\u00f1adi\u00f3 emocionada.<\/p>\n\n\n\n<p>Adem\u00e1s, explic\u00f3, \"tomamos tal decisi\u00f3n, esperando que por lo menos llegue el Subsidio para pagar los salarios docentes que tanto esfuerzo y uni\u00f3n muestran a pesar de las adversidades que les toca afrontar en sus hogares.<br>En dicha raz\u00f3n Comunicamos formalmente que se cierra el espacio f\u00edsico del jardin hasta que las autoridades gubernamentales, indiquen el paso de regreso a las tareas normales de la sociedad.<\/p>\n\n\n\n<p><br>A partir del d\u00eda lunes 29\/06 hasta el viernes 3\/07 les pedimos sin compromiso econ\u00f3mico, que se apersonen por el jardin para retirar documentaci\u00f3n importante, en los siguientes horarios: ma\u00f1ana de 10,00 a 12,00 hs y por la tarde de 17,00 a 19,00 hs\" <\/p>\n\n\n\n<p>\" A quienes transitaron por nuestra Instituci\u00f3n, o a los vecinos que nos vieron recorrer la calles y dejar peque\u00f1os obsequios en distintas fechas patrias y culturales, les pedimos un \u201cAbrazo Simb\u00f3lico\u201d que nos fortalezca y nos una hasta que llegue el nuevo d\u00eda donde podamos reabrir nuestras puertas en otro lugar donde seguramente nos volveremos a encontrar cuando este virus sea vencido\".<\/p>\n\n\n\n<p>Para finalizar precis\u00f3 a  partir del d\u00eda 6 de julio contaran con una oficina administrativa en Lavalle 135 3\u00b0 piso, para tr\u00e1mites, en horario comercial. <\/p>\n","protected":false},"excerpt":{"rendered":"<p>El jard\u00edn maternal y de infantes Krecer confirm\u00f3 este domingo que por la crisis generada por el coronavirus deber\u00e1 cerrar sus puertas. \" Nuestro actual espacio f\u00edsico era alquilado en Independencia 169, pero a\u00fan as\u00ed apostamos a brindar nuevos y mejores servicios educativos por lo que ampliamos y mejoramos cada a\u00f1o, todo lo que era [&hellip;]<\/p>\n","protected":false},"author":1,"featured_media":248625,"comment_status":"open","ping_status":"open","sticky":false,"template":"","format":"standard","meta":{"_stopmodifiedupdate":false,"_modified_date":"","inline_featured_image":false,"spay_email":"","jetpack_publicize_message":"El jard\u00edn maternal y de infantes Krecer confirm\u00f3 este domingo que por la crisis generada por el coronavirus deber\u00e1 cerrar sus puertas. \n#JUJUY"},"categories":[2],"tags":[],"jetpack_featured_media_url":"https:\/\/notinor.com\/jujuy\/wp-content\/uploads\/2020\/06\/krecer.jpg","jetpack_publicize_connections":[],"_links":{"self":[{"href":"https:\/\/notinor.com\/jujuy\/wp-json\/wp\/v2\/posts\/248617"}],"collection":[{"href":"https:\/\/notinor.com\/jujuy\/wp-json\/wp\/v2\/posts"}],"about":[{"href":"https:\/\/notinor.com\/jujuy\/wp-json\/wp\/v2\/types\/post"}],"author":[{"embeddable":true,"href":"https:\/\/notinor.com\/jujuy\/wp-json\/wp\/v2\/users\/1"}],"replies":[{"embeddable":true,"href":"https:\/\/notinor.com\/jujuy\/wp-json\/wp\/v2\/comments?post=248617"}],"version-history":[{"count":1,"href":"https:\/\/notinor.com\/jujuy\/wp-json\/wp\/v2\/posts\/248617\/revisions"}],"predecessor-version":[{"id":248627,"href":"https:\/\/notinor.com\/jujuy\/wp-json\/wp\/v2\/posts\/248617\/revisions\/248627"}],"wp:featuredmedia":[{"embeddable":true,"href":"https:\/\/notinor.com\/jujuy\/wp-json\/wp\/v2\/media\/248625"}],"wp:attachment":[{"href":"https:\/\/notinor.com\/jujuy\/wp-json\/wp\/v2\/media?parent=248617"}],"wp:term":[{"taxonomy":"category","embeddable":true,"href":"https:\/\/notinor.com\/jujuy\/wp-json\/wp\/v2\/categories?post=248617"},{"taxonomy":"post_tag","embeddable":true,"href":"https:\/\/notinor.com\/jujuy\/wp-json\/wp\/v2\/tags?post=248617"}],"curies":[{"name":"wp","href":"https:\/\/api.w.org\/{rel}","templated":true}]}}