{"id":248600,"date":"2020-06-28T17:32:58","date_gmt":"2020-06-28T20:32:58","guid":{"rendered":"https:\/\/notinor.com\/jujuy\/?p=248600"},"modified":"2020-06-28T17:33:06","modified_gmt":"2020-06-28T20:33:06","slug":"anses-pagara-las-pensiones-de-boudou-macri-y-michetti-cuanto-van-a-cobrar","status":"publish","type":"post","link":"https:\/\/notinor.com\/jujuy\/anses-pagara-las-pensiones-de-boudou-macri-y-michetti-cuanto-van-a-cobrar\/","title":{"rendered":"Anses pagar\u00e1 las pensiones de Boudou, Macri y Michetti: \u00bfcu\u00e1nto van a cobrar?"},"content":{"rendered":"\n<p>Pese a que se hab\u00eda suspendido el retroactivo, se confirm\u00f3 que s\u00ed cobrar\u00e1 cada uno sus respectivas pensiones. La m\u00e1s alta de los tres es la de Mauricio Macri, quien, por su puesto pasado como presidente, percibir\u00e1 la suma mensual de 750 mil pesos<\/p>\n\n\n\n<figure class=\"wp-block-image size-large\"><img decoding=\"async\" loading=\"lazy\" width=\"1140\" height=\"641\" src=\"https:\/\/i1.wp.com\/notinor.com\/jujuy\/wp-content\/uploads\/2020\/06\/macri-1.jpg?fit=840%2C472&amp;ssl=1\" alt=\"\" class=\"wp-image-248602\" srcset=\"https:\/\/notinor.com\/jujuy\/wp-content\/uploads\/2020\/06\/macri-1.jpg 1140w, https:\/\/notinor.com\/jujuy\/wp-content\/uploads\/2020\/06\/macri-1-649x365.jpg 649w, https:\/\/notinor.com\/jujuy\/wp-content\/uploads\/2020\/06\/macri-1-840x472.jpg 840w, https:\/\/notinor.com\/jujuy\/wp-content\/uploads\/2020\/06\/macri-1-500x280.jpg 500w, https:\/\/notinor.com\/jujuy\/wp-content\/uploads\/2020\/06\/macri-1-768x432.jpg 768w\" sizes=\"(max-width: 1140px) 100vw, 1140px\" \/><\/figure>\n\n\n\n<p>La titular de la Administraci\u00f3n Nacional de la Seguridad Social, Fernanda Raverta, confirm\u00f3 que, pese a la suspenci\u00f3n de retroactivos por la emergencia del Coronavirus, \"s\u00ed se pagar\u00e1n las pensiones\" de Amado Boudou, Mauricio Macri y Gabriela Michetti \"por haber terminado el tr\u00e1mite de liquidaci\u00f3n respectivo\", beneficios que se har\u00e1n efectivos a partir de agosto pr\u00f3ximo.<\/p>\n\n\n\n<p>Este viernes, la Anses, por medio de la resoluci\u00f3n 230-2020, resolvi\u00f3 que abonar\u00e1 sin retroactivos las pensiones no contributivas solicitadas por Macri, Boudou y Michetti, seg\u00fan marca la Ley 24.018, en orden a la emergencia econ\u00f3mica, financiera y previsional frente al pandemia y aislamiento por la Covid-19.<\/p>\n\n\n\n<p>\"Por los retroactivos, esas pensiones acumulan una cantidad de dinero que nosotros tendr\u00edamos que pagar a quienes se les otorga el beneficio, y en este caso tom\u00e9 la decisi\u00f3n de no pagarlo, por ahora, hasta que la situaci\u00f3n de la pandemia nos permita estar mejor, porque el esfuerzo tenemos que hacerlo todos y todas\", afirm\u00f3 Raverta en di\u00e1logo con Radio Del Plata.<\/p>\n\n\n\n<p>Raverta aclar\u00f3 que, seg\u00fan la ley vigente, se fija una asignaci\u00f3n mensual vitalicia para quienes hayan ejercido el cargo de primeros mandatarios con un haber similar al 100% de un juez de la Corte Suprema y de un 75% para los vicepresidentes.<\/p>\n\n\n\n<p>Respecto de la situaci\u00f3n de Boudou, la funcionaria record\u00f3 que, en el gobierno anterior, \"la ex ministra de Desarrollo Social, Carolina Stanley, emiti\u00f3 un expediente de pago en el que solicitaba que se otorgue esa pensi\u00f3n\", pero, dijo, \"sin embargo, y en una decisi\u00f3n at\u00edpica, la Anses obvi\u00f3 ese pedido y le dio intervenci\u00f3n a la Oficina Anticorrupci\u00f3n, a cargo de Laura Alonso, quien desaconsej\u00f3 pagar el haber\".<\/p>\n\n\n\n<p>Ahora, la Procuraci\u00f3n del Tesoro, que conduce Carlos Zaninni, emiti\u00f3 un dictamen favorable a la posici\u00f3n del ex Vicepresidente por considerar que la resoluci\u00f3n que emiti\u00f3 la Oficina Anticorrupci\u00f3n durante el gobierno de Macri es \u201cnula de nulidad absoluta\u201d.<\/p>\n\n\n\n<p>\u00bfCu\u00e1nto cobrar\u00e1 en total cada uno? De acuerdo a lo afirmado por el Diario Clar\u00edn, a Macri le corresponden 750 mil pesos, a Michetti, 560 mil y a Boudou, 420 mil. Como si fuera poco, estar\u00e1n eximidos de la retenci\u00f3n del Impuesto a las Ganancias.<\/p>\n\n\n\n<p>A su vez, los retroactivos que quedan suspendidos por ahora ascienden a seis millones en el caso de Macri, cuatro millones en el de Michetti y 14 millones en el de Boudou, cuya suma es mayor porque el retroactivo se remonta a diciembre de 2015.<\/p>\n","protected":false},"excerpt":{"rendered":"<p>Pese a que se hab\u00eda suspendido el retroactivo, se confirm\u00f3 que s\u00ed cobrar\u00e1 cada uno sus respectivas pensiones. La m\u00e1s alta de los tres es la de Mauricio Macri, quien, por su puesto pasado como presidente, percibir\u00e1 la suma mensual de 750 mil pesos La titular de la Administraci\u00f3n Nacional de la Seguridad Social, Fernanda [&hellip;]<\/p>\n","protected":false},"author":1,"featured_media":248602,"comment_status":"closed","ping_status":"closed","sticky":false,"template":"","format":"standard","meta":{"_stopmodifiedupdate":false,"_modified_date":"","inline_featured_image":false,"spay_email":"","jetpack_publicize_message":"La m\u00e1s alta de los tres es la de expresidente, quien, por su puesto pasado como presidente, percibir\u00e1 la suma mensual de 750 mil pesos."},"categories":[501],"tags":[],"jetpack_featured_media_url":"https:\/\/notinor.com\/jujuy\/wp-content\/uploads\/2020\/06\/macri-1.jpg","jetpack_publicize_connections":[],"_links":{"self":[{"href":"https:\/\/notinor.com\/jujuy\/wp-json\/wp\/v2\/posts\/248600"}],"collection":[{"href":"https:\/\/notinor.com\/jujuy\/wp-json\/wp\/v2\/posts"}],"about":[{"href":"https:\/\/notinor.com\/jujuy\/wp-json\/wp\/v2\/types\/post"}],"author":[{"embeddable":true,"href":"https:\/\/notinor.com\/jujuy\/wp-json\/wp\/v2\/users\/1"}],"replies":[{"embeddable":true,"href":"https:\/\/notinor.com\/jujuy\/wp-json\/wp\/v2\/comments?post=248600"}],"version-history":[{"count":2,"href":"https:\/\/notinor.com\/jujuy\/wp-json\/wp\/v2\/posts\/248600\/revisions"}],"predecessor-version":[{"id":248604,"href":"https:\/\/notinor.com\/jujuy\/wp-json\/wp\/v2\/posts\/248600\/revisions\/248604"}],"wp:featuredmedia":[{"embeddable":true,"href":"https:\/\/notinor.com\/jujuy\/wp-json\/wp\/v2\/media\/248602"}],"wp:attachment":[{"href":"https:\/\/notinor.com\/jujuy\/wp-json\/wp\/v2\/media?parent=248600"}],"wp:term":[{"taxonomy":"category","embeddable":true,"href":"https:\/\/notinor.com\/jujuy\/wp-json\/wp\/v2\/categories?post=248600"},{"taxonomy":"post_tag","embeddable":true,"href":"https:\/\/notinor.com\/jujuy\/wp-json\/wp\/v2\/tags?post=248600"}],"curies":[{"name":"wp","href":"https:\/\/api.w.org\/{rel}","templated":true}]}}