{"id":248594,"date":"2020-06-28T17:27:52","date_gmt":"2020-06-28T20:27:52","guid":{"rendered":"https:\/\/notinor.com\/jujuy\/?p=248594"},"modified":"2020-08-24T12:20:52","modified_gmt":"2020-08-24T15:20:52","slug":"se-rehace-la-final-de-bake-off-podrian-elegir-otro-ganador-si-se-confirman-irregularidades","status":"publish","type":"post","link":"https:\/\/notinor.com\/jujuy\/se-rehace-la-final-de-bake-off-podrian-elegir-otro-ganador-si-se-confirman-irregularidades\/","title":{"rendered":"\u00bfSe rehace la final de Bake off? podr\u00edan elegir otro ganador si se confirman irregularidades"},"content":{"rendered":"\n<p>Como el programa ya est\u00e1 grabado, Turner Latin American anunci\u00f3 que podr\u00eda tomar medidas si se comprueba que un pastelero profesional conquist\u00f3 el certamen. Si hay una decisi\u00f3n al respecto, las misma formar\u00e1 parte de la emisi\u00f3n de este domingo.<\/p>\n\n\n\n<figure class=\"wp-block-image size-large\"><img decoding=\"async\" loading=\"lazy\" width=\"978\" height=\"596\" src=\"https:\/\/i2.wp.com\/notinor.com\/jujuy\/wp-content\/uploads\/2020\/06\/bke-1.jpg?fit=788%2C480&amp;ssl=1\" alt=\"\" class=\"wp-image-248598\" srcset=\"https:\/\/notinor.com\/jujuy\/wp-content\/uploads\/2020\/06\/bke-1.jpg 978w, https:\/\/notinor.com\/jujuy\/wp-content\/uploads\/2020\/06\/bke-1-599x365.jpg 599w, https:\/\/notinor.com\/jujuy\/wp-content\/uploads\/2020\/06\/bke-1-788x480.jpg 788w, https:\/\/notinor.com\/jujuy\/wp-content\/uploads\/2020\/06\/bke-1-768x468.jpg 768w, https:\/\/notinor.com\/jujuy\/wp-content\/uploads\/2020\/06\/bke-1-300x184.jpg 300w\" sizes=\"(max-width: 978px) 100vw, 978px\" \/><\/figure>\n\n\n\n<p class=\"has-background has-vivid-cyan-blue-background-color\">No necesit\u00f3 esc\u00e1ndalos para transformarse en el programa sensaci\u00f3n de esta temporada. Sin embargo, acerc\u00e1ndose a su \u00faltima recta, Bake Off empez\u00f3 a ser sacudido por distintas pol\u00e9micas en torno a los participantes que llegaron a la gran final: Samanta Casais, Dami\u00e1n Pier Basile y Agustina Guz.<\/p>\n\n\n\n<p>Entre los interrogantes que se dispararon en las redes sociales se encuentran la posibilidad de que haya un concursante \u201cacomodado\u201d por la producci\u00f3n e incluso algunas publicaciones dejan entrever que tres de los semifinalistas \u2013 Casais, Pier Basile, y la ya eliminada Agustina Fontenla- podr\u00edan ser pasteleros profesionales.<\/p>\n\n\n\n<p>Frente a todas estas habladur\u00edas que se desataron, la producci\u00f3n decidi\u00f3 emitir un comunicado en el que adelanta que los resultados del programa podr\u00edan ser modificados \u2013hay que recordar que el mismo fue grabado el a\u00f1o pasado- si se comprueba alguna de estas irregularidades.<\/p>\n\n\n\n<p>\u201cQueremos llevar claridad hacia quienes acompa\u00f1an el programa cada domingo, dando nuestro compromiso de hacer las averiguaciones necesarias; y en el caso de verificarse cualquier irregularidad, la eventual decisi\u00f3n ser\u00e1 comunicada en la emisi\u00f3n del cap\u00edtulo final\u201d, anunciaron en un comunicado.<\/p>\n\n\n\n<p>Tras esta publicaci\u00f3n, Paula Ch\u00e1vez, conductora del show, le coment\u00f3 a una seguidora v\u00eda Twitter: \"\u00a1La decisi\u00f3n se va a tomar en la final! Entiendo que no son cuestiones sencillas de resolver legalmente. \u00a1Hay mucha gente honesta y responsable trabajando y analizando el tema!\".<\/p>\n\n\n\n<p>Si se comprueba que sus competidores no eran amateurs, Agustina Guz podr\u00eda terminar conquistando el certamen.<\/p>\n\n\n\n<p>El texto completo que emiti\u00f3 la producci\u00f3n<br>\nDebido a la aparici\u00f3n en medios y redes sociales, ocurrida en los \u00faltimos d\u00edas, de material fotogr\u00e1fico y videos que dejar\u00edan en evidencia posibles falsedades incurridas por parte de una de nuestras participantes en \u201cBake Off Argentina, el gran pastelero (2da. edici\u00f3n)\u201d, desde la producci\u00f3n de Turner Latin America informamos que nuestros equipos se encuentran llevando a cabo las averiguaciones tendientes a su verificaci\u00f3n, como as\u00ed tambi\u00e9n cualquier posible inobservancia a las reglas de participaci\u00f3n.<\/p>\n\n\n\n<p>Cabe destacar que todos quienes hacemos y trabajamos en el proyecto \u201cBake Off Argentina, el gran pastelero\u201d nos rige la transparencia en todas y cada una de las etapas de la competencia, y lamentamos el desconcierto que podr\u00edan estar produciendo las recientes publicaciones entre la audiencia y los seguidores del certamen.<\/p>\n\n\n\n<p>Queremos llevar claridad hacia quienes acompa\u00f1an el programa cada domingo, dando nuestro compromiso de hacer las averiguaciones necesarias; y en el caso de verificarse cualquier irregularidad, la eventual decisi\u00f3n ser\u00e1 comunicada en la emisi\u00f3n del cap\u00edtulo final. Agradecemos a Telefe por su apoyo y su confianza. Asimismo, apelamos a la mesura de quienes participan con sus publicaciones en redes sociales, teniendo en cuenta que detr\u00e1s de cada concursante hay una persona y una familia que pueden verse afectadas.<\/p>\n","protected":false},"excerpt":{"rendered":"<p>Como el programa ya est\u00e1 grabado, Turner Latin American anunci\u00f3 que podr\u00eda tomar medidas si se comprueba que un pastelero profesional conquist\u00f3 el certamen. Si hay una decisi\u00f3n al respecto, las misma formar\u00e1 parte de la emisi\u00f3n de este domingo. No necesit\u00f3 esc\u00e1ndalos para transformarse en el programa sensaci\u00f3n de esta temporada. Sin embargo, acerc\u00e1ndose [&hellip;]<\/p>\n","protected":false},"author":1,"featured_media":248597,"comment_status":"closed","ping_status":"closed","sticky":false,"template":"","format":"standard","meta":{"_stopmodifiedupdate":false,"_modified_date":"","inline_featured_image":false,"spay_email":"","jetpack_publicize_message":"Si hay una decisi\u00f3n al respecto, las misma formar\u00e1 parte de la emisi\u00f3n de esta noche."},"categories":[21],"tags":[],"jetpack_featured_media_url":"https:\/\/notinor.com\/jujuy\/wp-content\/uploads\/2020\/06\/bke.jpg","jetpack_publicize_connections":[],"_links":{"self":[{"href":"https:\/\/notinor.com\/jujuy\/wp-json\/wp\/v2\/posts\/248594"}],"collection":[{"href":"https:\/\/notinor.com\/jujuy\/wp-json\/wp\/v2\/posts"}],"about":[{"href":"https:\/\/notinor.com\/jujuy\/wp-json\/wp\/v2\/types\/post"}],"author":[{"embeddable":true,"href":"https:\/\/notinor.com\/jujuy\/wp-json\/wp\/v2\/users\/1"}],"replies":[{"embeddable":true,"href":"https:\/\/notinor.com\/jujuy\/wp-json\/wp\/v2\/comments?post=248594"}],"version-history":[{"count":2,"href":"https:\/\/notinor.com\/jujuy\/wp-json\/wp\/v2\/posts\/248594\/revisions"}],"predecessor-version":[{"id":248599,"href":"https:\/\/notinor.com\/jujuy\/wp-json\/wp\/v2\/posts\/248594\/revisions\/248599"}],"wp:featuredmedia":[{"embeddable":true,"href":"https:\/\/notinor.com\/jujuy\/wp-json\/wp\/v2\/media\/248597"}],"wp:attachment":[{"href":"https:\/\/notinor.com\/jujuy\/wp-json\/wp\/v2\/media?parent=248594"}],"wp:term":[{"taxonomy":"category","embeddable":true,"href":"https:\/\/notinor.com\/jujuy\/wp-json\/wp\/v2\/categories?post=248594"},{"taxonomy":"post_tag","embeddable":true,"href":"https:\/\/notinor.com\/jujuy\/wp-json\/wp\/v2\/tags?post=248594"}],"curies":[{"name":"wp","href":"https:\/\/api.w.org\/{rel}","templated":true}]}}