{"id":248593,"date":"2020-06-28T17:33:34","date_gmt":"2020-06-28T20:33:34","guid":{"rendered":"https:\/\/notinor.com\/jujuy\/?p=248593"},"modified":"2020-08-24T12:20:51","modified_gmt":"2020-08-24T15:20:51","slug":"tini-deja-claro-que-no-le-importa-lo-de-sebastian-yatra-y-danna-paola","status":"publish","type":"post","link":"https:\/\/notinor.com\/jujuy\/tini-deja-claro-que-no-le-importa-lo-de-sebastian-yatra-y-danna-paola\/","title":{"rendered":"Tini deja claro que no le importa lo de Sebasti\u00e1n Yatra y Danna Paola"},"content":{"rendered":"\n<p>La argentina hace frente a los rumores y demuestra que por ahora su atenci\u00f3n est\u00e1 centrada en otras cosas.<\/p>\n\n\n\n<figure class=\"wp-block-image size-large\"><img decoding=\"async\" loading=\"lazy\" width=\"608\" height=\"342\" src=\"https:\/\/notinor.com\/jujuy\/wp-content\/uploads\/2020\/06\/f608x342-56775_86498_33.jpg\" alt=\"\" class=\"wp-image-248596\" srcset=\"https:\/\/notinor.com\/jujuy\/wp-content\/uploads\/2020\/06\/f608x342-56775_86498_33.jpg 608w, https:\/\/notinor.com\/jujuy\/wp-content\/uploads\/2020\/06\/f608x342-56775_86498_33-500x280.jpg 500w\" sizes=\"(max-width: 608px) 100vw, 608px\" \/><\/figure>\n\n\n\n<p>Si durante un a\u00f1o la relaci\u00f3n que tuvieron los cantantes\u00a0Sebastian Yatra\u00a0y\u00a0Tini Stoessel\u00a0dio millones de razones para cautivar a sus fan\u00e1ticos, ahora que rompieron no han dejado de ser el tema de conversaci\u00f3n de muchos medios internacionales que quieren saber c\u00f3mo avanzan tras la separaci\u00f3n.\u00a0La principal raz\u00f3n por la que muchos est\u00e1n atentos fue porque antes de confirmarse la ruptura, el nombre de la mexicana\u00a0Danna Paola\u00a0apareci\u00f3 muchas veces. La artista fue se\u00f1alada como \u201ctercera en discordia\u201d y aunque ya dijo que su relaci\u00f3n con\u00a0Yatra\u00a0es solo profesional, muchos siguen sin creerle.\u00a0<\/p>\n\n\n\n<figure class=\"wp-block-image size-large\"><img decoding=\"async\" loading=\"lazy\" width=\"2000\" height=\"1333\" src=\"https:\/\/i1.wp.com\/notinor.com\/jujuy\/wp-content\/uploads\/2020\/06\/3237863.jpg?fit=720%2C480&amp;ssl=1\" alt=\"\" class=\"wp-image-248601\" srcset=\"https:\/\/notinor.com\/jujuy\/wp-content\/uploads\/2020\/06\/3237863.jpg 2000w, https:\/\/notinor.com\/jujuy\/wp-content\/uploads\/2020\/06\/3237863-548x365.jpg 548w, https:\/\/notinor.com\/jujuy\/wp-content\/uploads\/2020\/06\/3237863-720x480.jpg 720w, https:\/\/notinor.com\/jujuy\/wp-content\/uploads\/2020\/06\/3237863-768x512.jpg 768w, https:\/\/notinor.com\/jujuy\/wp-content\/uploads\/2020\/06\/3237863-1536x1024.jpg 1536w, https:\/\/notinor.com\/jujuy\/wp-content\/uploads\/2020\/06\/3237863-400x266.jpg 400w\" sizes=\"(max-width: 2000px) 100vw, 2000px\" \/><\/figure>\n\n\n\n<p>En medio de los rumores los artistas tampoco ayudan: ahora\u00a0Danna Paola\u00a0y\u00a0Yatra\u00a0se muestran m\u00e1s cercanos en las redes sociales y pareciera que todos los mensajes que emiten son indirectas entre ellos; por lo que los fan\u00e1ticos insisten en la teor\u00eda de que est\u00e1n juntos.\u00a0<\/p>\n\n\n\n<p>Mientras,\u00a0Tini\u00a0demuestra que cada vez est\u00e1 m\u00e1s imparable y que aunque, como a todos, les duele la separaci\u00f3n, ella sigue concentrada en sus proyectos y en sus ganas de seguir creciendo tanto en lo personal como en lo profesional.\u00a0<\/p>\n\n\n\n<p>Recientemente, la cantante de \u201cFresa\u201d public\u00f3 una foto usando los auriculares y sacando la lengua, dejando claro que digan lo que digan, ella est\u00e1 decidida a avanzar y haciendo cumplir lo de \u201ca palabras necias, o\u00eddos sordos\u201d.\u00a0Adem\u00e1s, la tambi\u00e9n actriz dijo que sigue preparando nuevos proyectos y public\u00f3 hace poco su documental \u201cQuiero volver Tour\u201d, que ha sido muy bien calificado por sus admiradores.\u00a0<\/p>\n","protected":false},"excerpt":{"rendered":"<p>La argentina hace frente a los rumores y demuestra que por ahora su atenci\u00f3n est\u00e1 centrada en otras cosas. Si durante un a\u00f1o la relaci\u00f3n que tuvieron los cantantes\u00a0Sebastian Yatra\u00a0y\u00a0Tini Stoessel\u00a0dio millones de razones para cautivar a sus fan\u00e1ticos, ahora que rompieron no han dejado de ser el tema de conversaci\u00f3n de muchos medios internacionales [&hellip;]<\/p>\n","protected":false},"author":1,"featured_media":248601,"comment_status":"open","ping_status":"open","sticky":false,"template":"","format":"standard","meta":{"_stopmodifiedupdate":false,"_modified_date":"","inline_featured_image":false,"spay_email":"","jetpack_publicize_message":""},"categories":[21],"tags":[],"jetpack_featured_media_url":"https:\/\/notinor.com\/jujuy\/wp-content\/uploads\/2020\/06\/3237863.jpg","jetpack_publicize_connections":[],"_links":{"self":[{"href":"https:\/\/notinor.com\/jujuy\/wp-json\/wp\/v2\/posts\/248593"}],"collection":[{"href":"https:\/\/notinor.com\/jujuy\/wp-json\/wp\/v2\/posts"}],"about":[{"href":"https:\/\/notinor.com\/jujuy\/wp-json\/wp\/v2\/types\/post"}],"author":[{"embeddable":true,"href":"https:\/\/notinor.com\/jujuy\/wp-json\/wp\/v2\/users\/1"}],"replies":[{"embeddable":true,"href":"https:\/\/notinor.com\/jujuy\/wp-json\/wp\/v2\/comments?post=248593"}],"version-history":[{"count":1,"href":"https:\/\/notinor.com\/jujuy\/wp-json\/wp\/v2\/posts\/248593\/revisions"}],"predecessor-version":[{"id":248605,"href":"https:\/\/notinor.com\/jujuy\/wp-json\/wp\/v2\/posts\/248593\/revisions\/248605"}],"wp:featuredmedia":[{"embeddable":true,"href":"https:\/\/notinor.com\/jujuy\/wp-json\/wp\/v2\/media\/248601"}],"wp:attachment":[{"href":"https:\/\/notinor.com\/jujuy\/wp-json\/wp\/v2\/media?parent=248593"}],"wp:term":[{"taxonomy":"category","embeddable":true,"href":"https:\/\/notinor.com\/jujuy\/wp-json\/wp\/v2\/categories?post=248593"},{"taxonomy":"post_tag","embeddable":true,"href":"https:\/\/notinor.com\/jujuy\/wp-json\/wp\/v2\/tags?post=248593"}],"curies":[{"name":"wp","href":"https:\/\/api.w.org\/{rel}","templated":true}]}}