{"id":248590,"date":"2020-06-28T17:22:00","date_gmt":"2020-06-28T20:22:00","guid":{"rendered":"https:\/\/notinor.com\/jujuy\/?p=248590"},"modified":"2020-06-28T17:22:21","modified_gmt":"2020-06-28T20:22:21","slug":"el-tercer-ife-que-cambia-de-nombre-y-anses-detallo-quienes-lo-cobraran","status":"publish","type":"post","link":"https:\/\/notinor.com\/jujuy\/el-tercer-ife-que-cambia-de-nombre-y-anses-detallo-quienes-lo-cobraran\/","title":{"rendered":"El tercer IFE que cambia de nombre y ANSES detall\u00f3 qui\u00e9nes lo cobrar\u00e1n"},"content":{"rendered":"\n<p>La titular de la Administraci\u00f3n Nacional de la Seguridad Social (Anses), Fernanda Raverta, dijo hoy que la tercera etapa del Ingreso Familiar de Emergencia (IFE) comprender\u00e1 a las zonas en las que persistan las restricciones y el aislamiento por la cuarentena, y afirm\u00f3 que est\u00e1 en estudio un ingreso universal para los meses posteriores a la pandemia.<\/p>\n\n\n\n<figure class=\"wp-block-image size-large\"><img decoding=\"async\" loading=\"lazy\" width=\"750\" height=\"366\" src=\"https:\/\/notinor.com\/jujuy\/wp-content\/uploads\/2020\/05\/ife.jpg\" alt=\"\" class=\"wp-image-237773\" srcset=\"https:\/\/notinor.com\/jujuy\/wp-content\/uploads\/2020\/05\/ife.jpg 750w, https:\/\/notinor.com\/jujuy\/wp-content\/uploads\/2020\/05\/ife-660x322.jpg 660w\" sizes=\"(max-width: 750px) 100vw, 750px\" \/><\/figure>\n\n\n\n<p>\"En la tercera etapa, el IFE no es un Ingreso Familiar de Emergencia como fue el anterior que fue para todos los que se hab\u00edan inscripto, sino que va a ir a la zona donde la cuarentena vuelve a una fase 1, donde la cuesti\u00f3n est\u00e1 m\u00e1s complicada en t\u00e9rminos de respetar el aislamiento\", dijo Raverta en di\u00e1logo con Radio 10.<\/p>\n\n\n\n<p>Se\u00f1al\u00f3 que esta ayuda est\u00e1 destinada a \"aquellos que est\u00e1n por fuera del ingreso del mercado de trabajo y que viven de la econom\u00eda informal y no est\u00e1n registrados\".<\/p>\n\n\n\n<p>Record\u00f3 que \"todav\u00eda estamos en la segunda etapa, la semana que viene es una semana importante porque el Ingreso Familiar de Emergencia lo cobran casi 9 millones de argentinos; ma\u00f1ana lunes pagamos para la terminaci\u00f3n de documento 8 y 9 de quienes ya estaban bancarizados y despu\u00e9s a quienes no ten\u00edan CBU\".<\/p>\n\n\n\n<p>\"La tercera etapa nos tiene que encontrar m\u00e1s organizados, esta etapa tiene que ver con algunas variables que vamos a cruzar en funci\u00f3n de zonas geogr\u00e1ficas, donde estemos cruzando cantidad y poblaci\u00f3n bajo la l\u00ednea de pobreza, indigencia y despu\u00e9s lo vamos a cruzar con las cuestiones m\u00e1s productivas de este lugar, si la cuarentena permiti\u00f3 que la econom\u00eda se ponga en funcionamiento en ese lugar y el nivel de contagios\", detall\u00f3.<\/p>\n\n\n\n<p>\"Cada vez que se paga el Ingreso Familiar de Emergencia es una decisi\u00f3n nueva, donde se incluye volver a asignar presupuestariamente un monto enorme para acompa\u00f1ar a los argentinos y argentinas a los que el gobierno est\u00e1 cuidando en la situaci\u00f3n de pandemia\", agreg\u00f3.<\/p>\n\n\n\n<p>Al ser consultada sobre si el Gobierno estudia para los pr\u00f3ximos meses la instrumentaci\u00f3n de un ingreso universal, Raverta dijo que el tema \"est\u00e1 en agenda y se est\u00e1 discutiendo pero le falta mucho recorrido; planificar la pospandemia incluye pensarla durante la pandemia\".<\/p>\n\n\n\n<p>\"Vivimos en una Argentina muy desigual, profundizada por un gobierno (en referencia a la administraci\u00f3n de Mauricio Macri) con un modelo econ\u00f3mico que gener\u00f3 que los niveles de indigencia y pobreza sean enormes y que gener\u00f3 que una enorme cantidad de argentinos y argentinas no tengan un ingreso formal, entonces hay que buscar una respuesta\", se\u00f1al\u00f3.<\/p>\n\n\n\n<p>En ese sentido, consider\u00f3 que \"hay m\u00faltiples miradas sobre la posibilidad de tener un ingreso universal y no es una discusi\u00f3n sencilla; las cuestiones y soluciones no son unidireccionales, en la comunidad participa el tercer sector y tambi\u00e9n el sector privado\".<\/p>\n\n\n\n<p>\"Tenemos que hacer un esfuerzo al tener una poblaci\u00f3n de 9 millones de personas que algunos trabajan de manera no registrada y quienes no tienen un ingreso, ese esfuerzo de conducir desde el Estado esa comunidad, debe garantizar que cada uno ponga su parte, el Estado y tambi\u00e9n el tercer sector y el sector privado\", indic\u00f3.<\/p>\n","protected":false},"excerpt":{"rendered":"<p>La titular de la Administraci\u00f3n Nacional de la Seguridad Social (Anses), Fernanda Raverta, dijo hoy que la tercera etapa del Ingreso Familiar de Emergencia (IFE) comprender\u00e1 a las zonas en las que persistan las restricciones y el aislamiento por la cuarentena, y afirm\u00f3 que est\u00e1 en estudio un ingreso universal para los meses posteriores a [&hellip;]<\/p>\n","protected":false},"author":1,"featured_media":244265,"comment_status":"closed","ping_status":"closed","sticky":false,"template":"","format":"standard","meta":{"_stopmodifiedupdate":false,"_modified_date":"","inline_featured_image":false,"spay_email":"","jetpack_publicize_message":""},"categories":[676],"tags":[],"jetpack_featured_media_url":"https:\/\/notinor.com\/jujuy\/wp-content\/uploads\/2020\/06\/ife8.jpg","jetpack_publicize_connections":[],"_links":{"self":[{"href":"https:\/\/notinor.com\/jujuy\/wp-json\/wp\/v2\/posts\/248590"}],"collection":[{"href":"https:\/\/notinor.com\/jujuy\/wp-json\/wp\/v2\/posts"}],"about":[{"href":"https:\/\/notinor.com\/jujuy\/wp-json\/wp\/v2\/types\/post"}],"author":[{"embeddable":true,"href":"https:\/\/notinor.com\/jujuy\/wp-json\/wp\/v2\/users\/1"}],"replies":[{"embeddable":true,"href":"https:\/\/notinor.com\/jujuy\/wp-json\/wp\/v2\/comments?post=248590"}],"version-history":[{"count":2,"href":"https:\/\/notinor.com\/jujuy\/wp-json\/wp\/v2\/posts\/248590\/revisions"}],"predecessor-version":[{"id":248592,"href":"https:\/\/notinor.com\/jujuy\/wp-json\/wp\/v2\/posts\/248590\/revisions\/248592"}],"wp:featuredmedia":[{"embeddable":true,"href":"https:\/\/notinor.com\/jujuy\/wp-json\/wp\/v2\/media\/244265"}],"wp:attachment":[{"href":"https:\/\/notinor.com\/jujuy\/wp-json\/wp\/v2\/media?parent=248590"}],"wp:term":[{"taxonomy":"category","embeddable":true,"href":"https:\/\/notinor.com\/jujuy\/wp-json\/wp\/v2\/categories?post=248590"},{"taxonomy":"post_tag","embeddable":true,"href":"https:\/\/notinor.com\/jujuy\/wp-json\/wp\/v2\/tags?post=248590"}],"curies":[{"name":"wp","href":"https:\/\/api.w.org\/{rel}","templated":true}]}}