{"id":248242,"date":"2020-06-26T21:24:49","date_gmt":"2020-06-27T00:24:49","guid":{"rendered":"https:\/\/notinor.com\/jujuy\/?p=248242"},"modified":"2020-06-26T21:27:45","modified_gmt":"2020-06-27T00:27:45","slug":"coronavirus-confirman-otro-caso-en-caimancito-y-ya-son-76-contagios-en-jujuy","status":"publish","type":"post","link":"https:\/\/notinor.com\/jujuy\/coronavirus-confirman-otro-caso-en-caimancito-y-ya-son-76-contagios-en-jujuy\/","title":{"rendered":"Coronavirus: confirman otro caso en Caimancito y ya son 76 contagios en Jujuy"},"content":{"rendered":"\n<p> El Comit\u00e9 Operativo de Emergencias confirm\u00f3 siete positivos por coronavirus en total este viernes. Cuatro son casos en tr\u00e1nsito. <\/p>\n\n\n\n<figure class=\"wp-block-image\"><img decoding=\"async\" src=\"https:\/\/media.todojujuy.com\/adjuntos\/227\/imagenes\/001\/362\/0001362264.jpg?0000-00-00-00-00-00\" alt=\"Hoy detectaron siete nuevos casos de coronavirus en Jujuy. Ya suman 80.\"\/><\/figure>\n\n\n\n<p>Esta noche el Comit\u00e9 Operativo de Emergencias de la provincia (COE) confirm\u00f3 otro caso positivo de coronavirus en la localidad de&nbsp;<a href=\"https:\/\/www.todojujuy.com\/caimancito-a1903\">Caimancito<\/a>, donde ya son ocho los contagiados. Este paciente se suma a los otros seis que tuvieron sus resultados esta ma\u00f1ana, con lo cual ya son 80 los casos de covid-19 en Jujuy.<\/p>\n\n\n\n<p>De acuerdo con el informe del COE, de esos 76 casos, cuatro corresponden a personas que est\u00e1n o estuvieron en tr\u00e1nsito en la provincia. En total evaluaron 410 casos y descartaron 330. De todos los pacientes contagiados de Jujuy ya se recuperaron seis.<\/p>\n\n\n\n<p>La localidad m\u00e1s afectada de la provincia sigue siendo Abra Pampa, con 29 casos positivos. Le siguen San Salvador con 20, Caimancito con 8, Perico con 5, Humahuaca con 3, Libertador y San Pedro con dos cada una, y Fraile Pintado, La Quiaca y San Antonio, cada una con una.<\/p>\n\n\n\n<p><\/p>\n\n\n\n<figure class=\"wp-block-image\"><img decoding=\"async\" src=\"https:\/\/media.todojujuy.com\/adjuntos\/227\/imagenes\/001\/379\/0001379937.png?0000-00-00-00-00-00\" alt=\"\"\/><\/figure>\n","protected":false},"excerpt":{"rendered":"<p>El Comit\u00e9 Operativo de Emergencias confirm\u00f3 siete positivos por coronavirus en total este viernes. Cuatro son casos en tr\u00e1nsito. Esta noche el Comit\u00e9 Operativo de Emergencias de la provincia (COE) confirm\u00f3 otro caso positivo de coronavirus en la localidad de&nbsp;Caimancito, donde ya son ocho los contagiados. Este paciente se suma a los otros seis que [&hellip;]<\/p>\n","protected":false},"author":40,"featured_media":248244,"comment_status":"open","ping_status":"open","sticky":false,"template":"","format":"standard","meta":{"_stopmodifiedupdate":false,"_modified_date":"","inline_featured_image":false,"spay_email":"","jetpack_publicize_message":""},"categories":[490],"tags":[],"jetpack_featured_media_url":"https:\/\/notinor.com\/jujuy\/wp-content\/uploads\/2020\/06\/0001362264-1.jpg","jetpack_publicize_connections":[],"_links":{"self":[{"href":"https:\/\/notinor.com\/jujuy\/wp-json\/wp\/v2\/posts\/248242"}],"collection":[{"href":"https:\/\/notinor.com\/jujuy\/wp-json\/wp\/v2\/posts"}],"about":[{"href":"https:\/\/notinor.com\/jujuy\/wp-json\/wp\/v2\/types\/post"}],"author":[{"embeddable":true,"href":"https:\/\/notinor.com\/jujuy\/wp-json\/wp\/v2\/users\/40"}],"replies":[{"embeddable":true,"href":"https:\/\/notinor.com\/jujuy\/wp-json\/wp\/v2\/comments?post=248242"}],"version-history":[{"count":2,"href":"https:\/\/notinor.com\/jujuy\/wp-json\/wp\/v2\/posts\/248242\/revisions"}],"predecessor-version":[{"id":248247,"href":"https:\/\/notinor.com\/jujuy\/wp-json\/wp\/v2\/posts\/248242\/revisions\/248247"}],"wp:featuredmedia":[{"embeddable":true,"href":"https:\/\/notinor.com\/jujuy\/wp-json\/wp\/v2\/media\/248244"}],"wp:attachment":[{"href":"https:\/\/notinor.com\/jujuy\/wp-json\/wp\/v2\/media?parent=248242"}],"wp:term":[{"taxonomy":"category","embeddable":true,"href":"https:\/\/notinor.com\/jujuy\/wp-json\/wp\/v2\/categories?post=248242"},{"taxonomy":"post_tag","embeddable":true,"href":"https:\/\/notinor.com\/jujuy\/wp-json\/wp\/v2\/tags?post=248242"}],"curies":[{"name":"wp","href":"https:\/\/api.w.org\/{rel}","templated":true}]}}