{"id":247362,"date":"2020-06-23T17:46:46","date_gmt":"2020-06-23T20:46:46","guid":{"rendered":"https:\/\/notinor.com\/jujuy\/?p=247362"},"modified":"2020-06-23T17:47:33","modified_gmt":"2020-06-23T20:47:33","slug":"tareas-de-mantenimiento-en-parque-san-martin-y-plaza-belgrano","status":"publish","type":"post","link":"https:\/\/notinor.com\/jujuy\/tareas-de-mantenimiento-en-parque-san-martin-y-plaza-belgrano\/","title":{"rendered":"Tareas de mantenimiento en parque San Mart\u00edn y plaza Belgrano"},"content":{"rendered":"\n<p>La direcci\u00f3n de Espacios Verdes, dependiente de la\nsecretar\u00eda de Servicios P\u00fablicos de la Municipalidad de San Salvador de Jujuy\ncontin\u00faa con el trabajo de mantenimiento de los principales espacios verdes de\nla ciudad, adem\u00e1s de seguir en la lucha contra el Dengue.<\/p>\n\n\n\n<figure class=\"wp-block-image size-large\"><img decoding=\"async\" loading=\"lazy\" width=\"664\" height=\"480\" src=\"https:\/\/notinor.com\/jujuy\/wp-content\/uploads\/2020\/06\/mantenimiento-parque-y-plaza-664x480.jpeg\" alt=\"\" class=\"wp-image-247364\" srcset=\"https:\/\/notinor.com\/jujuy\/wp-content\/uploads\/2020\/06\/mantenimiento-parque-y-plaza-664x480.jpeg 664w, https:\/\/notinor.com\/jujuy\/wp-content\/uploads\/2020\/06\/mantenimiento-parque-y-plaza-505x365.jpeg 505w, https:\/\/notinor.com\/jujuy\/wp-content\/uploads\/2020\/06\/mantenimiento-parque-y-plaza-120x86.jpeg 120w, https:\/\/notinor.com\/jujuy\/wp-content\/uploads\/2020\/06\/mantenimiento-parque-y-plaza.jpeg 750w\" sizes=\"(max-width: 664px) 100vw, 664px\" \/><\/figure>\n\n\n\n<p class=\"has-background has-vivid-cyan-blue-background-color\"><strong>Sobre este tema, la directora de Espacios Verdes, Sof\u00eda Maionchi, inform\u00f3 que se est\u00e1 realizando el mantenimiento de c\u00e9sped, como tambi\u00e9n de las fuentes ornamentales, mediante la utilizaci\u00f3n de los productos correspondientes para mantener la limpieza del agua y de los sistemas de riego en el Parque San Mart\u00edn y Plaza Belgrano, \u201cse trabaj\u00f3 en el mantenimiento de las fuentes de agua, que es un trabajo integral del municipio para la prevenci\u00f3n del Dengue y tambi\u00e9n trabajamos en la conservaci\u00f3n en buen estado del c\u00e9sped, los \u00e1rboles y canteros\u201d.<\/strong><\/p>\n\n\n\n<p>Adem\u00e1s, Maionchi explic\u00f3 que el personal de la direcci\u00f3n\ncontin\u00faa trabajando en el vivero municipal con las actividades habituales,\nrespetando las actuales normas de bio seguridad y del riego con el cami\u00f3n\ntanque en todos los lugares donde se colocaron plantines florales.<\/p>\n\n\n\n<p>Ante cualquier consulta, los interesados pueden comunicarse\nmediante correo electr\u00f3nico: espaciosverdesjujuy@gmail.com<\/p>\n","protected":false},"excerpt":{"rendered":"<p>La direcci\u00f3n de Espacios Verdes, dependiente de la secretar\u00eda de Servicios P\u00fablicos de la Municipalidad de San Salvador de Jujuy contin\u00faa con el trabajo de mantenimiento de los principales espacios verdes de la ciudad, adem\u00e1s de seguir en la lucha contra el Dengue. Sobre este tema, la directora de Espacios Verdes, Sof\u00eda Maionchi, inform\u00f3 que [&hellip;]<\/p>\n","protected":false},"author":5,"featured_media":247364,"comment_status":"open","ping_status":"open","sticky":false,"template":"","format":"standard","meta":{"_stopmodifiedupdate":false,"_modified_date":"","inline_featured_image":false,"spay_email":"","jetpack_publicize_message":"La direcci\u00f3n de Espacios Verdes, dependiente de la secretar\u00eda de Servicios P\u00fablicos de la Municipalidad de San Salvador de Jujuy contin\u00faa con el trabajo de mantenimiento de los principales espacios verdes de la ciudad, adem\u00e1s de seguir en la lucha contra e"},"categories":[514],"tags":[],"jetpack_featured_media_url":"https:\/\/notinor.com\/jujuy\/wp-content\/uploads\/2020\/06\/mantenimiento-parque-y-plaza.jpeg","jetpack_publicize_connections":[],"_links":{"self":[{"href":"https:\/\/notinor.com\/jujuy\/wp-json\/wp\/v2\/posts\/247362"}],"collection":[{"href":"https:\/\/notinor.com\/jujuy\/wp-json\/wp\/v2\/posts"}],"about":[{"href":"https:\/\/notinor.com\/jujuy\/wp-json\/wp\/v2\/types\/post"}],"author":[{"embeddable":true,"href":"https:\/\/notinor.com\/jujuy\/wp-json\/wp\/v2\/users\/5"}],"replies":[{"embeddable":true,"href":"https:\/\/notinor.com\/jujuy\/wp-json\/wp\/v2\/comments?post=247362"}],"version-history":[{"count":1,"href":"https:\/\/notinor.com\/jujuy\/wp-json\/wp\/v2\/posts\/247362\/revisions"}],"predecessor-version":[{"id":247367,"href":"https:\/\/notinor.com\/jujuy\/wp-json\/wp\/v2\/posts\/247362\/revisions\/247367"}],"wp:featuredmedia":[{"embeddable":true,"href":"https:\/\/notinor.com\/jujuy\/wp-json\/wp\/v2\/media\/247364"}],"wp:attachment":[{"href":"https:\/\/notinor.com\/jujuy\/wp-json\/wp\/v2\/media?parent=247362"}],"wp:term":[{"taxonomy":"category","embeddable":true,"href":"https:\/\/notinor.com\/jujuy\/wp-json\/wp\/v2\/categories?post=247362"},{"taxonomy":"post_tag","embeddable":true,"href":"https:\/\/notinor.com\/jujuy\/wp-json\/wp\/v2\/tags?post=247362"}],"curies":[{"name":"wp","href":"https:\/\/api.w.org\/{rel}","templated":true}]}}